{"id":2222,"date":"2020-03-13T08:06:51","date_gmt":"2020-03-13T07:06:51","guid":{"rendered":"https:\/\/www.checchiemagli.com\/machines-agricoles-lindustrie-italienne-ne-sarrete-pas\/"},"modified":"2020-03-13T08:06:51","modified_gmt":"2020-03-13T07:06:51","slug":"machines-agricoles-lindustrie-italienne-ne-sarrete-pas","status":"publish","type":"post","link":"https:\/\/www.checchiemagli.com\/fr\/news\/machines-agricoles-lindustrie-italienne-ne-sarrete-pas\/","title":{"rendered":"Machines agricoles : l&#8217;industrie italienne ne s&#8217;arr\u00eate pas"},"content":{"rendered":"<p><em>Communiqu\u00e9 de presse<\/em><\/p>\n<p>&nbsp;<\/p>\n<h2><strong>Machines agricoles : l&#8217;industrie italienne ne s&#8217;arr\u00eate pas<\/strong><\/h2>\n<p><strong><em>Les risques li\u00e9s \u00e0 la propagation du Covid-19 imposent des r\u00e8gles de pr\u00e9vention particuli\u00e8res, mais les entreprises de machines agricoles maintiennent de bons rythmes de production, entre autres pour satisfaire la demande \u00e9trang\u00e8re qui couvre 70% du chiffre d&#8217;affaires du secteur. L&#8217;organisation d&#8217;EIMA International, l&#8217;exposition mondiale qui se tiendra \u00e0 Bologne du 11 au 15 novembre, fonctionne \u00e0 plein r\u00e9gime.<\/em><\/strong><\/p>\n<p><strong><em>\u00a0<\/em><\/strong><\/p>\n<p>L&#8217;urgence provoqu\u00e9e par la propagation du Covid-19 a impos\u00e9 des restrictions et des proc\u00e9dures de s\u00e9curit\u00e9 mais n&#8217;a pas stopp\u00e9 l&#8217;activit\u00e9 des secteurs manufacturiers. Les lignes de production des industries italiennes de machines agricoles sont en service pour r\u00e9pondre \u00e0 la demande de machines et de composants &#8220;made in Italy&#8221; provenant principalement de pays \u00e9trangers.<\/p>\n<p>FederUnacoma, l&#8217;association des constructeurs italiens, souligne la vocation internationale de ce secteur de la m\u00e9canique, qui exporte plus de 70 % de la production (un chiffre d&#8217;affaires total d&#8217;environ 11 milliards d&#8217;euros) avec des parts tr\u00e8s importantes sur des march\u00e9s de valeur tels que l&#8217;Allemagne, la France et les \u00c9tats-Unis ; elle met \u00e9galement en garde contre le risque que des informations incorrectes concernant une pr\u00e9sum\u00e9e suspension des activit\u00e9s de production et une difficult\u00e9 de d\u00e9placement des marchandises puissent nuire aux relations commerciales normales.<\/p>\n<h2>Les usines poursuivent leur activit\u00e9<\/h2>\n<p>FederUnacoma rassure\u00a0: les usines poursuivent leur activit\u00e9, tant sur la base de nouveaux crit\u00e8res d&#8217;organisation que du respect scrupuleux des r\u00e8gles de pr\u00e9vention \u00e9tablies par le gouvernement et la communaut\u00e9 scientifique.<\/p>\n<p>Une fois la phase critique termin\u00e9e, les foires internationales sp\u00e9cialis\u00e9es reviendront au premier plan, avec toutes les innovations de produits et les technologies futuristes que ce secteur de l&#8217;industrie est en mesure de r\u00e9aliser. Tout d&#8217;abord, EIMA International, le grand salon de la m\u00e9canique agricole que FederUnacoma organise \u00e0 Bologne et qui f\u00eatera sa 44e \u00e9dition du 11 au 15 novembre. La machine organisationnelle fonctionne \u00e0 plein r\u00e9gime &#8211; comme l\u2019ont communiqu\u00e9 les structures op\u00e9rationnelles de la F\u00e9d\u00e9ration &#8211; afin qu&#8217;EIMA 2020 puisse rester un \u00e9v\u00e9nement de port\u00e9e exceptionnelle, et \u00eatre v\u00e9cu par tous comme un symbole de renaissance pour l&#8217;\u00e9conomie et pour les communaut\u00e9s de citoyens.<\/p>\n<p>&nbsp;<\/p>\n<p><strong>FEDERUNACOMA<\/strong><\/p>\n<p><strong>Roma &#8211; 12 marzo 2020<br \/>\n<\/strong><\/p>\n<p>&nbsp;<\/p>\n<p><strong>\u00a0<\/strong><\/p>\n","protected":false},"excerpt":{"rendered":"<p>Communiqu\u00e9 de presse &nbsp; Machines agricoles : l&#8217;industrie italienne ne s&#8217;arr\u00eate pas Les risques li\u00e9s \u00e0 la propagation du Covid-19 imposent des r\u00e8gles de pr\u00e9vention particuli\u00e8res, mais les entreprises de machines agricoles maintiennent de bons rythmes de production, entre autres pour satisfaire la demande \u00e9trang\u00e8re qui couvre 70% du chiffre d&#8217;affaires du secteur. L&#8217;organisation d&#8217;EIMA&#8230;<\/p>\n","protected":false},"author":3,"featured_media":1289,"comment_status":"closed","ping_status":"closed","sticky":false,"template":"","format":"standard","meta":{"_acf_changed":false,"_gspb_post_css":"","_kad_post_transparent":"","_kad_post_title":"","_kad_post_layout":"","_kad_post_sidebar_id":"","_kad_post_content_style":"","_kad_post_vertical_padding":"","_kad_post_feature":"","_kad_post_feature_position":"","_kad_post_header":false,"_kad_post_footer":false,"_kad_post_classname":"","footnotes":""},"categories":[269],"tags":[352,273],"class_list":["post-2222","post","type-post","status-publish","format-standard","has-post-thumbnail","hentry","category-non-classifiee","tag-eima-4","tag-machines-agricoles"],"acf":[],"yoast_head":"<!-- This site is optimized with the Yoast SEO plugin v27.2 - https:\/\/yoast.com\/product\/yoast-seo-wordpress\/ -->\n<title>Machines Agricoles: la production italienne ne s&#039;arr\u00eate pas | Checchi &amp; Magli<\/title>\n<meta name=\"description\" content=\"Les producteurs italiens de machines agricoles poursuivent la production pour les march\u00e9s national et international. L&#039;exposition EIMA International aura lieu \u00e0 Bologne en novembre.\" \/>\n<meta name=\"robots\" content=\"index, follow, max-snippet:-1, max-image-preview:large, max-video-preview:-1\" \/>\n<link rel=\"canonical\" href=\"https:\/\/www.checchiemagli.com\/fr\/news\/machines-agricoles-lindustrie-italienne-ne-sarrete-pas\/\" \/>\n<meta property=\"og:locale\" content=\"fr_FR\" \/>\n<meta property=\"og:type\" content=\"article\" \/>\n<meta property=\"og:title\" content=\"Machines Agricoles: la production italienne ne s&#039;arr\u00eate pas | Checchi &amp; Magli\" \/>\n<meta property=\"og:description\" content=\"Les producteurs italiens de machines agricoles poursuivent la production pour les march\u00e9s national et international. L&#039;exposition EIMA International aura lieu \u00e0 Bologne en novembre.\" \/>\n<meta property=\"og:url\" content=\"https:\/\/www.checchiemagli.com\/fr\/news\/machines-agricoles-lindustrie-italienne-ne-sarrete-pas\/\" \/>\n<meta property=\"og:site_name\" content=\"Checchi e Magli\" \/>\n<meta property=\"article:publisher\" content=\"https:\/\/www.facebook.com\/checchiemagli\/\" \/>\n<meta property=\"article:published_time\" content=\"2020-03-13T07:06:51+00:00\" \/>\n<meta property=\"og:image\" content=\"https:\/\/www.checchiemagli.com\/wp-content\/uploads\/2025\/03\/CM-1-1.jpg\" \/>\n\t<meta property=\"og:image:width\" content=\"1495\" \/>\n\t<meta property=\"og:image:height\" content=\"1125\" \/>\n\t<meta property=\"og:image:type\" content=\"image\/jpeg\" \/>\n<meta name=\"author\" content=\"Checchi &amp; Magli\" \/>\n<meta name=\"twitter:card\" content=\"summary_large_image\" \/>\n<meta name=\"twitter:creator\" content=\"@checchiemagli\" \/>\n<meta name=\"twitter:site\" content=\"@checchiemagli\" \/>\n<meta name=\"twitter:label1\" content=\"\u00c9crit par\" \/>\n\t<meta name=\"twitter:data1\" content=\"Checchi &amp; Magli\" \/>\n\t<meta name=\"twitter:label2\" content=\"Dur\u00e9e de lecture estim\u00e9e\" \/>\n\t<meta name=\"twitter:data2\" content=\"2 minutes\" \/>\n<!-- \/ Yoast SEO plugin. -->","yoast_head_json":{"title":"Machines Agricoles: la production italienne ne s'arr\u00eate pas | Checchi & Magli","description":"Les producteurs italiens de machines agricoles poursuivent la production pour les march\u00e9s national et international. L'exposition EIMA International aura lieu \u00e0 Bologne en novembre.","robots":{"index":"index","follow":"follow","max-snippet":"max-snippet:-1","max-image-preview":"max-image-preview:large","max-video-preview":"max-video-preview:-1"},"canonical":"https:\/\/www.checchiemagli.com\/fr\/news\/machines-agricoles-lindustrie-italienne-ne-sarrete-pas\/","og_locale":"fr_FR","og_type":"article","og_title":"Machines Agricoles: la production italienne ne s'arr\u00eate pas | Checchi & Magli","og_description":"Les producteurs italiens de machines agricoles poursuivent la production pour les march\u00e9s national et international. L'exposition EIMA International aura lieu \u00e0 Bologne en novembre.","og_url":"https:\/\/www.checchiemagli.com\/fr\/news\/machines-agricoles-lindustrie-italienne-ne-sarrete-pas\/","og_site_name":"Checchi e Magli","article_publisher":"https:\/\/www.facebook.com\/checchiemagli\/","article_published_time":"2020-03-13T07:06:51+00:00","og_image":[{"width":1495,"height":1125,"url":"https:\/\/www.checchiemagli.com\/wp-content\/uploads\/2025\/03\/CM-1-1.jpg","type":"image\/jpeg"}],"author":"Checchi &amp; Magli","twitter_card":"summary_large_image","twitter_creator":"@checchiemagli","twitter_site":"@checchiemagli","twitter_misc":{"\u00c9crit par":"Checchi &amp; Magli","Dur\u00e9e de lecture estim\u00e9e":"2 minutes"},"schema":{"@context":"https:\/\/schema.org","@graph":[{"@type":"Article","@id":"https:\/\/www.checchiemagli.com\/fr\/news\/machines-agricoles-lindustrie-italienne-ne-sarrete-pas\/#article","isPartOf":{"@id":"https:\/\/www.checchiemagli.com\/fr\/news\/machines-agricoles-lindustrie-italienne-ne-sarrete-pas\/"},"author":{"name":"Checchi &amp; Magli","@id":"https:\/\/www.checchiemagli.com\/fr\/#\/schema\/person\/97af9de213cbd27e3814130b2a783374"},"headline":"Machines agricoles : l&#8217;industrie italienne ne s&#8217;arr\u00eate pas","datePublished":"2020-03-13T07:06:51+00:00","mainEntityOfPage":{"@id":"https:\/\/www.checchiemagli.com\/fr\/news\/machines-agricoles-lindustrie-italienne-ne-sarrete-pas\/"},"wordCount":408,"publisher":{"@id":"https:\/\/www.checchiemagli.com\/fr\/#organization"},"image":{"@id":"https:\/\/www.checchiemagli.com\/fr\/news\/machines-agricoles-lindustrie-italienne-ne-sarrete-pas\/#primaryimage"},"thumbnailUrl":"https:\/\/www.checchiemagli.com\/wp-content\/uploads\/2025\/03\/CM-1-1.jpg","keywords":["eima","machines agricoles"],"articleSection":["Non classifi\u00e9(e)"],"inLanguage":"fr-FR"},{"@type":"WebPage","@id":"https:\/\/www.checchiemagli.com\/fr\/news\/machines-agricoles-lindustrie-italienne-ne-sarrete-pas\/","url":"https:\/\/www.checchiemagli.com\/fr\/news\/machines-agricoles-lindustrie-italienne-ne-sarrete-pas\/","name":"Machines Agricoles: la production italienne ne s'arr\u00eate pas | Checchi & Magli","isPartOf":{"@id":"https:\/\/www.checchiemagli.com\/fr\/#website"},"primaryImageOfPage":{"@id":"https:\/\/www.checchiemagli.com\/fr\/news\/machines-agricoles-lindustrie-italienne-ne-sarrete-pas\/#primaryimage"},"image":{"@id":"https:\/\/www.checchiemagli.com\/fr\/news\/machines-agricoles-lindustrie-italienne-ne-sarrete-pas\/#primaryimage"},"thumbnailUrl":"https:\/\/www.checchiemagli.com\/wp-content\/uploads\/2025\/03\/CM-1-1.jpg","datePublished":"2020-03-13T07:06:51+00:00","description":"Les producteurs italiens de machines agricoles poursuivent la production pour les march\u00e9s national et international. L'exposition EIMA International aura lieu \u00e0 Bologne en novembre.","breadcrumb":{"@id":"https:\/\/www.checchiemagli.com\/fr\/news\/machines-agricoles-lindustrie-italienne-ne-sarrete-pas\/#breadcrumb"},"inLanguage":"fr-FR","potentialAction":[{"@type":"ReadAction","target":["https:\/\/www.checchiemagli.com\/fr\/news\/machines-agricoles-lindustrie-italienne-ne-sarrete-pas\/"]}]},{"@type":"ImageObject","inLanguage":"fr-FR","@id":"https:\/\/www.checchiemagli.com\/fr\/news\/machines-agricoles-lindustrie-italienne-ne-sarrete-pas\/#primaryimage","url":"https:\/\/www.checchiemagli.com\/wp-content\/uploads\/2025\/03\/CM-1-1.jpg","contentUrl":"https:\/\/www.checchiemagli.com\/wp-content\/uploads\/2025\/03\/CM-1-1.jpg","width":1495,"height":1125},{"@type":"BreadcrumbList","@id":"https:\/\/www.checchiemagli.com\/fr\/news\/machines-agricoles-lindustrie-italienne-ne-sarrete-pas\/#breadcrumb","itemListElement":[{"@type":"ListItem","position":1,"name":"Home","item":"https:\/\/www.checchiemagli.com\/fr\/"},{"@type":"ListItem","position":2,"name":"Machines agricoles : l&#8217;industrie italienne ne s&#8217;arr\u00eate pas"}]},{"@type":"WebSite","@id":"https:\/\/www.checchiemagli.com\/fr\/#website","url":"https:\/\/www.checchiemagli.com\/fr\/","name":"Checchi&Magli","description":"Produzione e Distribuzione di Macchine Agricole","publisher":{"@id":"https:\/\/www.checchiemagli.com\/fr\/#organization"},"potentialAction":[{"@type":"SearchAction","target":{"@type":"EntryPoint","urlTemplate":"https:\/\/www.checchiemagli.com\/fr\/?s={search_term_string}"},"query-input":{"@type":"PropertyValueSpecification","valueRequired":true,"valueName":"search_term_string"}}],"inLanguage":"fr-FR"},{"@type":"Organization","@id":"https:\/\/www.checchiemagli.com\/fr\/#organization","name":"Checchi&Magli","url":"https:\/\/www.checchiemagli.com\/fr\/","logo":{"@type":"ImageObject","inLanguage":"fr-FR","@id":"https:\/\/www.checchiemagli.com\/fr\/#\/schema\/logo\/image\/","url":"https:\/\/www.checchiemagli.com\/wp-content\/uploads\/2025\/03\/logo.png","contentUrl":"https:\/\/www.checchiemagli.com\/wp-content\/uploads\/2025\/03\/logo.png","width":633,"height":149,"caption":"Checchi&Magli"},"image":{"@id":"https:\/\/www.checchiemagli.com\/fr\/#\/schema\/logo\/image\/"},"sameAs":["https:\/\/www.facebook.com\/checchiemagli\/","https:\/\/x.com\/checchiemagli","https:\/\/www.youtube.com\/user\/checchiemagli","https:\/\/www.instagram.com\/checchiemagli\/","https:\/\/www.linkedin.com\/company\/checchiemagli\/"]},{"@type":"Person","@id":"https:\/\/www.checchiemagli.com\/fr\/#\/schema\/person\/97af9de213cbd27e3814130b2a783374","name":"Checchi &amp; Magli","url":"https:\/\/www.checchiemagli.com\/fr\/author\/checchiemagli\/"}]}},"_links":{"self":[{"href":"https:\/\/www.checchiemagli.com\/fr\/wp-json\/wp\/v2\/posts\/2222","targetHints":{"allow":["GET"]}}],"collection":[{"href":"https:\/\/www.checchiemagli.com\/fr\/wp-json\/wp\/v2\/posts"}],"about":[{"href":"https:\/\/www.checchiemagli.com\/fr\/wp-json\/wp\/v2\/types\/post"}],"author":[{"embeddable":true,"href":"https:\/\/www.checchiemagli.com\/fr\/wp-json\/wp\/v2\/users\/3"}],"replies":[{"embeddable":true,"href":"https:\/\/www.checchiemagli.com\/fr\/wp-json\/wp\/v2\/comments?post=2222"}],"version-history":[{"count":0,"href":"https:\/\/www.checchiemagli.com\/fr\/wp-json\/wp\/v2\/posts\/2222\/revisions"}],"wp:featuredmedia":[{"embeddable":true,"href":"https:\/\/www.checchiemagli.com\/fr\/wp-json\/wp\/v2\/media\/1289"}],"wp:attachment":[{"href":"https:\/\/www.checchiemagli.com\/fr\/wp-json\/wp\/v2\/media?parent=2222"}],"wp:term":[{"taxonomy":"category","embeddable":true,"href":"https:\/\/www.checchiemagli.com\/fr\/wp-json\/wp\/v2\/categories?post=2222"},{"taxonomy":"post_tag","embeddable":true,"href":"https:\/\/www.checchiemagli.com\/fr\/wp-json\/wp\/v2\/tags?post=2222"}],"curies":[{"name":"wp","href":"https:\/\/api.w.org\/{rel}","templated":true}]}}