{"id":2373,"date":"2024-09-06T12:21:12","date_gmt":"2024-09-06T10:21:12","guid":{"rendered":"https:\/\/www.checchiemagli.com\/eima-2024-5\/"},"modified":"2025-06-16T17:47:00","modified_gmt":"2025-06-16T15:47:00","slug":"eima-2024","status":"publish","type":"post","link":"https:\/\/www.checchiemagli.com\/es\/news\/eima-2024\/","title":{"rendered":"EIMA 2024"},"content":{"rendered":"<a href=\"https:\/\/www.eima.it\" target=\"_blank\" rel=\"noopener noreferrer\">www.eima.it<\/a>\n\n<strong>HALL 31 \u2013 STAND B13<\/strong><span id=\"jq-sc-Mobile-ExhBoothLinks\" class=\"jq-sc-Mobile sc-Exhibitor_ShowBoothsWrapper-fp\"><strong>\n<\/strong> <\/span>\n\n&nbsp;\n<h2>EIMA: the Innovation Factory<\/h2>\n<div class=\"flex70\">\n\n<strong>EIMA International <\/strong>es la <em>Exposici\u00f3n Internacional de M\u00e1quinas para la Agricultura y la Jardiner\u00eda<\/em>, es una muestra bienal <strong>promovida desde 1969 por <\/strong><a href=\"https:\/\/www.federunacoma.it\/\"><strong>FederUnacoma<\/strong><\/a> (Federaci\u00f3n Nacional de Fabricantes de M\u00e1quinas para la Agricultura) y organizada por la sociedad de servicios <strong>FederUnacoma surl<\/strong>, en colaboraci\u00f3n con <strong>BolognaFiere<\/strong>.\n\nEn la exposici\u00f3n, organizada en 14 sectores mercadol\u00f3gicos y articulada tambi\u00e9n en los salones especializados de <a href=\"https:\/\/www.eima.it\/en\/theme-salons.php#componenti\">EIMA Componentes<\/a>, <a href=\"https:\/\/www.eima.it\/en\/theme-salons.php#green\">EIMA Green<\/a>, <a href=\"https:\/\/www.eima.it\/en\/theme-salons.php#energy\">EIMA Energy<\/a>, <a href=\"https:\/\/www.eima.it\/en\/theme-salons.php#idrotech\">EIMA Idrotech<\/a> y <a href=\"https:\/\/www.eima.it\/en\/theme-salons.php#digital\">EIMA Digital<\/a>, participan directamente industrias fabricantes de todos los continentes, presentando las tecnolog\u00edas de vanguardia del sector a nivel mundial.\n\n<strong>EIMA se celebra en el recinto ferial de Bolonia en una superficie total de 375.000 m\u00b2 <\/strong>(122.000 m\u00b2 de superficie de exposici\u00f3n neta), y en cada edici\u00f3n acoge alrededor de 1.700 expositores procedentes de 42 pa\u00edses que presentan m\u00e1s de 60.000 modelos de veh\u00edculos, m\u00e1quinas y equipos para todo tipo de labor agr\u00edcola o &#8220;verde&#8221; y para cada modelo de empresa.\n\n<\/div>\n\n<div class=\"wp-block-buttons button-primario is-layout-flex wp-block-buttons-is-layout-flex\">\n    \n    <div class=\"wp-block-button\">\n        <a class=\"wp-block-button__link wp-element-button\" href=\"https:\/\/www.checchiemagli.com\/es\/contactos\/\">CONTACTO<\/a>\n    <\/div>\n    \n<\/div>\n","protected":false},"excerpt":{"rendered":"<p>www.eima.it HALL 31 \u2013 STAND B13 &nbsp; EIMA: the Innovation Factory EIMA International es la Exposici\u00f3n Internacional de M\u00e1quinas para la Agricultura y la Jardiner\u00eda, es una muestra bienal promovida desde 1969 por FederUnacoma (Federaci\u00f3n Nacional de Fabricantes de M\u00e1quinas para la Agricultura) y organizada por la sociedad de servicios FederUnacoma surl, en colaboraci\u00f3n con&#8230;<\/p>\n","protected":false},"author":3,"featured_media":1945,"comment_status":"closed","ping_status":"closed","sticky":false,"template":"","format":"standard","meta":{"_acf_changed":false,"_gspb_post_css":"","_kad_post_transparent":"","_kad_post_title":"","_kad_post_layout":"","_kad_post_sidebar_id":"","_kad_post_content_style":"","_kad_post_vertical_padding":"","_kad_post_feature":"","_kad_post_feature_position":"","_kad_post_header":false,"_kad_post_footer":false,"_kad_post_classname":"","footnotes":""},"categories":[284],"tags":[336],"class_list":["post-2373","post","type-post","status-publish","format-standard","has-post-thumbnail","hentry","category-ferias","tag-eima-2022-3"],"acf":[],"yoast_head":"<!-- This site is optimized with the Yoast SEO plugin v27.2 - https:\/\/yoast.com\/product\/yoast-seo-wordpress\/ -->\n<title>EIMA 2024 - Checchi &amp; Magli<\/title>\n<meta name=\"description\" content=\"HALL 31 - STAND B13 VISIT US! EIMA es la Exposici\u00f3n Internacional de M\u00e1quinas para la Agricultura\" \/>\n<meta name=\"robots\" content=\"index, follow, max-snippet:-1, max-image-preview:large, max-video-preview:-1\" \/>\n<link rel=\"canonical\" href=\"https:\/\/www.checchiemagli.com\/es\/news\/eima-2024\/\" \/>\n<meta property=\"og:locale\" content=\"es_ES\" \/>\n<meta property=\"og:type\" content=\"article\" \/>\n<meta property=\"og:title\" content=\"EIMA 2024 - Checchi &amp; Magli\" \/>\n<meta property=\"og:description\" content=\"HALL 31 - STAND B13 VISIT US! EIMA es la Exposici\u00f3n Internacional de M\u00e1quinas para la Agricultura\" \/>\n<meta property=\"og:url\" content=\"https:\/\/www.checchiemagli.com\/es\/news\/eima-2024\/\" \/>\n<meta property=\"og:site_name\" content=\"Checchi e Magli\" \/>\n<meta property=\"article:publisher\" content=\"https:\/\/www.facebook.com\/checchiemagli\/\" \/>\n<meta property=\"article:published_time\" content=\"2024-09-06T10:21:12+00:00\" \/>\n<meta property=\"article:modified_time\" content=\"2025-06-16T15:47:00+00:00\" \/>\n<meta property=\"og:image\" content=\"https:\/\/www.checchiemagli.com\/wp-content\/uploads\/2025\/03\/EIMA-2024-1.jpg\" \/>\n\t<meta property=\"og:image:width\" content=\"1080\" \/>\n\t<meta property=\"og:image:height\" content=\"1080\" \/>\n\t<meta property=\"og:image:type\" content=\"image\/jpeg\" \/>\n<meta name=\"author\" content=\"Checchi &amp; Magli\" \/>\n<meta name=\"twitter:card\" content=\"summary_large_image\" \/>\n<meta name=\"twitter:creator\" content=\"@checchiemagli\" \/>\n<meta name=\"twitter:site\" content=\"@checchiemagli\" \/>\n<meta name=\"twitter:label1\" content=\"Escrito por\" \/>\n\t<meta name=\"twitter:data1\" content=\"Checchi &amp; Magli\" \/>\n\t<meta name=\"twitter:label2\" content=\"Tiempo de lectura\" \/>\n\t<meta name=\"twitter:data2\" content=\"1 minuto\" \/>\n<!-- \/ Yoast SEO plugin. -->","yoast_head_json":{"title":"EIMA 2024 - Checchi & Magli","description":"HALL 31 - STAND B13 VISIT US! EIMA es la Exposici\u00f3n Internacional de M\u00e1quinas para la Agricultura","robots":{"index":"index","follow":"follow","max-snippet":"max-snippet:-1","max-image-preview":"max-image-preview:large","max-video-preview":"max-video-preview:-1"},"canonical":"https:\/\/www.checchiemagli.com\/es\/news\/eima-2024\/","og_locale":"es_ES","og_type":"article","og_title":"EIMA 2024 - Checchi & Magli","og_description":"HALL 31 - STAND B13 VISIT US! EIMA es la Exposici\u00f3n Internacional de M\u00e1quinas para la Agricultura","og_url":"https:\/\/www.checchiemagli.com\/es\/news\/eima-2024\/","og_site_name":"Checchi e Magli","article_publisher":"https:\/\/www.facebook.com\/checchiemagli\/","article_published_time":"2024-09-06T10:21:12+00:00","article_modified_time":"2025-06-16T15:47:00+00:00","og_image":[{"width":1080,"height":1080,"url":"https:\/\/www.checchiemagli.com\/wp-content\/uploads\/2025\/03\/EIMA-2024-1.jpg","type":"image\/jpeg"}],"author":"Checchi &amp; Magli","twitter_card":"summary_large_image","twitter_creator":"@checchiemagli","twitter_site":"@checchiemagli","twitter_misc":{"Escrito por":"Checchi &amp; Magli","Tiempo de lectura":"1 minuto"},"schema":{"@context":"https:\/\/schema.org","@graph":[{"@type":"Article","@id":"https:\/\/www.checchiemagli.com\/es\/news\/eima-2024\/#article","isPartOf":{"@id":"https:\/\/www.checchiemagli.com\/es\/news\/eima-2024\/"},"author":{"name":"Checchi &amp; Magli","@id":"https:\/\/www.checchiemagli.com\/es\/#\/schema\/person\/97af9de213cbd27e3814130b2a783374"},"headline":"EIMA 2024","datePublished":"2024-09-06T10:21:12+00:00","dateModified":"2025-06-16T15:47:00+00:00","mainEntityOfPage":{"@id":"https:\/\/www.checchiemagli.com\/es\/news\/eima-2024\/"},"wordCount":174,"publisher":{"@id":"https:\/\/www.checchiemagli.com\/es\/#organization"},"image":{"@id":"https:\/\/www.checchiemagli.com\/es\/news\/eima-2024\/#primaryimage"},"thumbnailUrl":"https:\/\/www.checchiemagli.com\/wp-content\/uploads\/2025\/03\/EIMA-2024-1.jpg","keywords":["EIMA 2022"],"articleSection":["Ferias"],"inLanguage":"es"},{"@type":"WebPage","@id":"https:\/\/www.checchiemagli.com\/es\/news\/eima-2024\/","url":"https:\/\/www.checchiemagli.com\/es\/news\/eima-2024\/","name":"EIMA 2024 - Checchi & Magli","isPartOf":{"@id":"https:\/\/www.checchiemagli.com\/es\/#website"},"primaryImageOfPage":{"@id":"https:\/\/www.checchiemagli.com\/es\/news\/eima-2024\/#primaryimage"},"image":{"@id":"https:\/\/www.checchiemagli.com\/es\/news\/eima-2024\/#primaryimage"},"thumbnailUrl":"https:\/\/www.checchiemagli.com\/wp-content\/uploads\/2025\/03\/EIMA-2024-1.jpg","datePublished":"2024-09-06T10:21:12+00:00","dateModified":"2025-06-16T15:47:00+00:00","description":"HALL 31 - STAND B13 VISIT US! EIMA es la Exposici\u00f3n Internacional de M\u00e1quinas para la Agricultura","breadcrumb":{"@id":"https:\/\/www.checchiemagli.com\/es\/news\/eima-2024\/#breadcrumb"},"inLanguage":"es","potentialAction":[{"@type":"ReadAction","target":["https:\/\/www.checchiemagli.com\/es\/news\/eima-2024\/"]}]},{"@type":"ImageObject","inLanguage":"es","@id":"https:\/\/www.checchiemagli.com\/es\/news\/eima-2024\/#primaryimage","url":"https:\/\/www.checchiemagli.com\/wp-content\/uploads\/2025\/03\/EIMA-2024-1.jpg","contentUrl":"https:\/\/www.checchiemagli.com\/wp-content\/uploads\/2025\/03\/EIMA-2024-1.jpg","width":1080,"height":1080},{"@type":"BreadcrumbList","@id":"https:\/\/www.checchiemagli.com\/es\/news\/eima-2024\/#breadcrumb","itemListElement":[{"@type":"ListItem","position":1,"name":"Home","item":"https:\/\/www.checchiemagli.com\/es\/"},{"@type":"ListItem","position":2,"name":"EIMA 2024"}]},{"@type":"WebSite","@id":"https:\/\/www.checchiemagli.com\/es\/#website","url":"https:\/\/www.checchiemagli.com\/es\/","name":"Checchi&Magli","description":"Produzione e Distribuzione di Macchine Agricole","publisher":{"@id":"https:\/\/www.checchiemagli.com\/es\/#organization"},"potentialAction":[{"@type":"SearchAction","target":{"@type":"EntryPoint","urlTemplate":"https:\/\/www.checchiemagli.com\/es\/?s={search_term_string}"},"query-input":{"@type":"PropertyValueSpecification","valueRequired":true,"valueName":"search_term_string"}}],"inLanguage":"es"},{"@type":"Organization","@id":"https:\/\/www.checchiemagli.com\/es\/#organization","name":"Checchi&Magli","url":"https:\/\/www.checchiemagli.com\/es\/","logo":{"@type":"ImageObject","inLanguage":"es","@id":"https:\/\/www.checchiemagli.com\/es\/#\/schema\/logo\/image\/","url":"https:\/\/www.checchiemagli.com\/wp-content\/uploads\/2025\/03\/logo.png","contentUrl":"https:\/\/www.checchiemagli.com\/wp-content\/uploads\/2025\/03\/logo.png","width":633,"height":149,"caption":"Checchi&Magli"},"image":{"@id":"https:\/\/www.checchiemagli.com\/es\/#\/schema\/logo\/image\/"},"sameAs":["https:\/\/www.facebook.com\/checchiemagli\/","https:\/\/x.com\/checchiemagli","https:\/\/www.youtube.com\/user\/checchiemagli","https:\/\/www.instagram.com\/checchiemagli\/","https:\/\/www.linkedin.com\/company\/checchiemagli\/"]},{"@type":"Person","@id":"https:\/\/www.checchiemagli.com\/es\/#\/schema\/person\/97af9de213cbd27e3814130b2a783374","name":"Checchi &amp; Magli","url":"https:\/\/www.checchiemagli.com\/es\/author\/checchiemagli\/"}]}},"_links":{"self":[{"href":"https:\/\/www.checchiemagli.com\/es\/wp-json\/wp\/v2\/posts\/2373","targetHints":{"allow":["GET"]}}],"collection":[{"href":"https:\/\/www.checchiemagli.com\/es\/wp-json\/wp\/v2\/posts"}],"about":[{"href":"https:\/\/www.checchiemagli.com\/es\/wp-json\/wp\/v2\/types\/post"}],"author":[{"embeddable":true,"href":"https:\/\/www.checchiemagli.com\/es\/wp-json\/wp\/v2\/users\/3"}],"replies":[{"embeddable":true,"href":"https:\/\/www.checchiemagli.com\/es\/wp-json\/wp\/v2\/comments?post=2373"}],"version-history":[{"count":0,"href":"https:\/\/www.checchiemagli.com\/es\/wp-json\/wp\/v2\/posts\/2373\/revisions"}],"wp:featuredmedia":[{"embeddable":true,"href":"https:\/\/www.checchiemagli.com\/es\/wp-json\/wp\/v2\/media\/1945"}],"wp:attachment":[{"href":"https:\/\/www.checchiemagli.com\/es\/wp-json\/wp\/v2\/media?parent=2373"}],"wp:term":[{"taxonomy":"category","embeddable":true,"href":"https:\/\/www.checchiemagli.com\/es\/wp-json\/wp\/v2\/categories?post=2373"},{"taxonomy":"post_tag","embeddable":true,"href":"https:\/\/www.checchiemagli.com\/es\/wp-json\/wp\/v2\/tags?post=2373"}],"curies":[{"name":"wp","href":"https:\/\/api.w.org\/{rel}","templated":true}]}}