{"id":2314,"date":"2020-03-30T13:46:33","date_gmt":"2020-03-30T11:46:33","guid":{"rendered":"https:\/\/www.checchiemagli.com\/federunacoma-richiama-l-attenzione-del-governo-e-dell-opinione-pubblica-5\/"},"modified":"2025-06-16T17:55:27","modified_gmt":"2025-06-16T15:55:27","slug":"federunacoma-richiama-l-attenzione-del-governo-e-dell-opinione-pubblica","status":"publish","type":"post","link":"https:\/\/www.checchiemagli.com\/es\/news\/federunacoma-richiama-l-attenzione-del-governo-e-dell-opinione-pubblica\/","title":{"rendered":"Produrre cibo al tempo del Covid-19"},"content":{"rendered":"<p><em>Comunicato Stampa<\/em><\/p>\n<h5><strong>Produrre cibo al tempo del Covid-19: il trattore e le macchine agricole che non vedi al supermercato \u2026<\/strong><\/h5>\n<p>&nbsp;<\/p>\n<p><strong><em>FederUnacoma, la Federazione che in ambito confindustriale rappresenta i costruttori di macchine per l\u2019agricoltura e il giardinaggio e relativa componentistica, richiama l\u2019attenzione del governo e dell\u2019opinione pubblica sull\u2019importante ruolo del comparto all\u2019interno della filiera agro-alimentare, ritenuta a ragione altamente strategica in questa fase emergenziale. Molte aziende del settore sono pronte a continuare la produzione in sicurezza, in accordo con i lavoratori, con spirito di responsabilit\u00e0, per garantire la fornitura di macchine agricole e ricambi necessari per la produzione degli alimenti.\u00a0 <\/em><\/strong><\/p>\n<p>&nbsp;<\/p>\n<h2>Segmento produttivo da 11,4 mld di fatturato<\/h2>\n<p>I costruttori di macchine per l\u2019agricoltura prendono atto della decisione del governo di non inserire fra le attivit\u00e0 produttive ritenute essenziali, in questa fase di emergenza sanitaria che il Paese sta affrontando, il proprio comparto modificando quanto precedentemente deciso, sulla base delle pressioni delle rappresentanze sindacali.<\/p>\n<p>&#8220;L\u2019elenco dei nuovi codici Ateco stilato ieri dal MISE &#8211; commenta il <strong>Presidente di FederUnacoma Alessandro Malavolti<\/strong> &#8211; esclude di fatto dalle attivit\u00e0 ritenute essenziali le nostre produzioni, unico caso in Europa, ponendo un segmento produttivo da 11,4 mld di fatturato in gravissima difficolt\u00e0&#8221;.<\/p>\n<p>FederUnacoma ritiene pertanto doveroso fare alcune precisazioni a tutela del settore perch\u00e9 in gioco c&#8217;\u00e8 certamente la massima attenzione nei confronti dei lavoratori, della loro salute ma anche la\u00a0 tenuta di un tessuto industriale che &#8220;serve&#8221; il Paese e il mondo.<\/p>\n<p>&nbsp;<\/p>\n<h2>Agricoltura bene primario<\/h2>\n<p>L\u2019agricoltura \u00e8 da sempre il &#8220;bene primario&#8221; di ogni territorio, e in questa fase emergenziale \u00e8 ritenuta giustamente, insieme alle attivit\u00e0 sanitarie e farmaceutiche, un asset strategico al quale il mondo dei costruttori di macchine agricole appartiene interamente in un\u2019ottica di filiera.<\/p>\n<p>In questo periodo dell\u2019anno sono molti gli ordini in corso di ricambi e macchine, in particolare quelle stagionali come le seminatrici, le tante attrezzature per la lavorazione del terreno, le macchine per la raccolta, le <a href=\"https:\/\/www.checchiemagli.com\/es\/maquinas-de-trasplante\/\"><strong>macchine per i trapianti<\/strong><\/a> che, in particolare, avviano adesso la stagione agraria per la produzione di tanti nostri alimenti. Tutto quello che nei supermercati non si vede ma che \u00e8 indispensabile a monte della filiera agro-alimentare e la cui possibile difficolt\u00e0 di reperimento potrebbe rendere ancora pi\u00f9 critica l\u2019attivit\u00e0 di molte aziende agricole.<\/p>\n<p>&nbsp;<\/p>\n<h2>C&#8217;\u00e8 chi ha chiuso, ma anche chi prosegue a lavorare<\/h2>\n<p>Alcune delle imprese aderenti a FederUnacoma &#8211; che accoglie piccole, medie e grandi aziende &#8211; sin dall\u2019inizio delle restrizioni resesi necessarie per il contenimento del contagio, avevano gi\u00e0 deciso la chiusura degli stabilimenti per difficolt\u00e0 logistiche dovute anche all\u2019incertezza su quelle che sarebbero state le decisioni governative.<\/p>\n<p>Ma molte altre realt\u00e0 aziendali stavano cercando di continuare a lavorare &#8211; seppur con linee produttive estremamente ridotte &#8211; nel rispetto di tutte le norme emanate dal governo e della sicurezza dei propri dipendenti, per non bloccare del tutto un comparto gi\u00e0 pesantemente segnato da cali di fatturato senza precedenti.<\/p>\n<p>&nbsp;<\/p>\n<h2>Al servizio del nostro paese<\/h2>\n<p>&#8220;Siamo dotati di un grande senso di responsabilit\u00e0 e di servizio per il nostro Paese, dichiara il Presidente Malavolti, ma \u00e8 difficile comprendere la mancanza di consapevolezza dell\u2019importante ruolo svolto da questi mezzi meccanici soprattutto in un momento complesso come questo&#8221;.<\/p>\n<p>La Federazione sottolinea poi il rischio di una concorrenza sleale da parte di competitor internazionali in considerazione del fatto che molti altri Paesi ritengono essenziali attivit\u00e0 produttive analoghe alle nostre, che hanno quindi la facolt\u00e0 di continuare a commercializzare al posto delle nostre imprese.<\/p>\n<p>&nbsp;<\/p>\n<h2><strong>FederUnacoma<\/strong> auspica un confronto urgente<\/h2>\n<p>Impossibile per FedeUnacoma pensare che il blocco imposto possa andare oltre il 3 aprile; la Federazione auspica quindi un confronto urgente con le parti politiche competenti per ripristinare, dopo questa data e secondo una gradualit\u00e0 adeguata, le produzioni delle nostre aziende.<\/p>\n<p>&nbsp;<\/p>\n<p><strong>FEDERUNACOMA<\/strong><\/p>\n<p><strong>Roma &#8211; 26.03.2020<br \/>\n<\/strong><\/p>\n","protected":false},"excerpt":{"rendered":"<p>Comunicato Stampa Produrre cibo al tempo del Covid-19: il trattore e le macchine agricole che non vedi al supermercato \u2026 &nbsp; FederUnacoma, la Federazione che in ambito confindustriale rappresenta i costruttori di macchine per l\u2019agricoltura e il giardinaggio e relativa componentistica, richiama l\u2019attenzione del governo e dell\u2019opinione pubblica sull\u2019importante ruolo del comparto all\u2019interno della filiera&#8230;<\/p>\n","protected":false},"author":3,"featured_media":1295,"comment_status":"closed","ping_status":"closed","sticky":false,"template":"","format":"standard","meta":{"_acf_changed":false,"_gspb_post_css":"","_kad_post_transparent":"","_kad_post_title":"","_kad_post_layout":"","_kad_post_sidebar_id":"","_kad_post_content_style":"","_kad_post_vertical_padding":"","_kad_post_feature":"","_kad_post_feature_position":"","_kad_post_header":false,"_kad_post_footer":false,"_kad_post_classname":"","footnotes":""},"categories":[283],"tags":[],"class_list":["post-2314","post","type-post","status-publish","format-standard","has-post-thumbnail","hentry","category-sin-categorizar"],"acf":[],"yoast_head":"<!-- This site is optimized with the Yoast SEO plugin v27.2 - https:\/\/yoast.com\/product\/yoast-seo-wordpress\/ -->\n<title>Produrre cibo al tempo del Covid-19 - Checchi e Magli<\/title>\n<meta name=\"description\" content=\"FederUnacoma richiama l\u2019attenzione del governo e dell\u2019opinione pubblica sull\u2019importante ruolo del comparto all\u2019interno della filiera agro-alimentare, ritenuta a ragione altamente strategica in questa fase emergenziale\" \/>\n<meta name=\"robots\" content=\"index, follow, max-snippet:-1, max-image-preview:large, max-video-preview:-1\" \/>\n<link rel=\"canonical\" href=\"https:\/\/www.checchiemagli.com\/es\/news\/federunacoma-richiama-l-attenzione-del-governo-e-dell-opinione-pubblica\/\" \/>\n<meta property=\"og:locale\" content=\"es_ES\" \/>\n<meta property=\"og:type\" content=\"article\" \/>\n<meta property=\"og:title\" content=\"Produrre cibo al tempo del Covid-19 - Checchi e Magli\" \/>\n<meta property=\"og:description\" content=\"FederUnacoma richiama l\u2019attenzione del governo e dell\u2019opinione pubblica sull\u2019importante ruolo del comparto all\u2019interno della filiera agro-alimentare, ritenuta a ragione altamente strategica in questa fase emergenziale\" \/>\n<meta property=\"og:url\" content=\"https:\/\/www.checchiemagli.com\/es\/news\/federunacoma-richiama-l-attenzione-del-governo-e-dell-opinione-pubblica\/\" \/>\n<meta property=\"og:site_name\" content=\"Checchi e Magli\" \/>\n<meta property=\"article:publisher\" content=\"https:\/\/www.facebook.com\/checchiemagli\/\" \/>\n<meta property=\"article:published_time\" content=\"2020-03-30T11:46:33+00:00\" \/>\n<meta property=\"article:modified_time\" content=\"2025-06-16T15:55:27+00:00\" \/>\n<meta property=\"og:image\" content=\"https:\/\/www.checchiemagli.com\/wp-content\/uploads\/2025\/03\/WOLF-PRO-1-1-1.jpg\" \/>\n\t<meta property=\"og:image:width\" content=\"1280\" \/>\n\t<meta property=\"og:image:height\" content=\"720\" \/>\n\t<meta property=\"og:image:type\" content=\"image\/jpeg\" \/>\n<meta name=\"author\" content=\"Checchi &amp; Magli\" \/>\n<meta name=\"twitter:card\" content=\"summary_large_image\" \/>\n<meta name=\"twitter:creator\" content=\"@checchiemagli\" \/>\n<meta name=\"twitter:site\" content=\"@checchiemagli\" \/>\n<meta name=\"twitter:label1\" content=\"Escrito por\" \/>\n\t<meta name=\"twitter:data1\" content=\"Checchi &amp; Magli\" \/>\n\t<meta name=\"twitter:label2\" content=\"Tiempo de lectura\" \/>\n\t<meta name=\"twitter:data2\" content=\"3 minutos\" \/>\n<!-- \/ Yoast SEO plugin. -->","yoast_head_json":{"title":"Produrre cibo al tempo del Covid-19 - Checchi e Magli","description":"FederUnacoma richiama l\u2019attenzione del governo e dell\u2019opinione pubblica sull\u2019importante ruolo del comparto all\u2019interno della filiera agro-alimentare, ritenuta a ragione altamente strategica in questa fase emergenziale","robots":{"index":"index","follow":"follow","max-snippet":"max-snippet:-1","max-image-preview":"max-image-preview:large","max-video-preview":"max-video-preview:-1"},"canonical":"https:\/\/www.checchiemagli.com\/es\/news\/federunacoma-richiama-l-attenzione-del-governo-e-dell-opinione-pubblica\/","og_locale":"es_ES","og_type":"article","og_title":"Produrre cibo al tempo del Covid-19 - Checchi e Magli","og_description":"FederUnacoma richiama l\u2019attenzione del governo e dell\u2019opinione pubblica sull\u2019importante ruolo del comparto all\u2019interno della filiera agro-alimentare, ritenuta a ragione altamente strategica in questa fase emergenziale","og_url":"https:\/\/www.checchiemagli.com\/es\/news\/federunacoma-richiama-l-attenzione-del-governo-e-dell-opinione-pubblica\/","og_site_name":"Checchi e Magli","article_publisher":"https:\/\/www.facebook.com\/checchiemagli\/","article_published_time":"2020-03-30T11:46:33+00:00","article_modified_time":"2025-06-16T15:55:27+00:00","og_image":[{"width":1280,"height":720,"url":"https:\/\/www.checchiemagli.com\/wp-content\/uploads\/2025\/03\/WOLF-PRO-1-1-1.jpg","type":"image\/jpeg"}],"author":"Checchi &amp; Magli","twitter_card":"summary_large_image","twitter_creator":"@checchiemagli","twitter_site":"@checchiemagli","twitter_misc":{"Escrito por":"Checchi &amp; Magli","Tiempo de lectura":"3 minutos"},"schema":{"@context":"https:\/\/schema.org","@graph":[{"@type":"Article","@id":"https:\/\/www.checchiemagli.com\/es\/news\/federunacoma-richiama-l-attenzione-del-governo-e-dell-opinione-pubblica\/#article","isPartOf":{"@id":"https:\/\/www.checchiemagli.com\/es\/news\/federunacoma-richiama-l-attenzione-del-governo-e-dell-opinione-pubblica\/"},"author":{"name":"Checchi &amp; Magli","@id":"https:\/\/www.checchiemagli.com\/es\/#\/schema\/person\/97af9de213cbd27e3814130b2a783374"},"headline":"Produrre cibo al tempo del Covid-19","datePublished":"2020-03-30T11:46:33+00:00","dateModified":"2025-06-16T15:55:27+00:00","mainEntityOfPage":{"@id":"https:\/\/www.checchiemagli.com\/es\/news\/federunacoma-richiama-l-attenzione-del-governo-e-dell-opinione-pubblica\/"},"wordCount":636,"publisher":{"@id":"https:\/\/www.checchiemagli.com\/es\/#organization"},"image":{"@id":"https:\/\/www.checchiemagli.com\/es\/news\/federunacoma-richiama-l-attenzione-del-governo-e-dell-opinione-pubblica\/#primaryimage"},"thumbnailUrl":"https:\/\/www.checchiemagli.com\/wp-content\/uploads\/2025\/03\/WOLF-PRO-1-1-1.jpg","articleSection":["Sin categorizar"],"inLanguage":"es"},{"@type":"WebPage","@id":"https:\/\/www.checchiemagli.com\/es\/news\/federunacoma-richiama-l-attenzione-del-governo-e-dell-opinione-pubblica\/","url":"https:\/\/www.checchiemagli.com\/es\/news\/federunacoma-richiama-l-attenzione-del-governo-e-dell-opinione-pubblica\/","name":"Produrre cibo al tempo del Covid-19 - Checchi e Magli","isPartOf":{"@id":"https:\/\/www.checchiemagli.com\/es\/#website"},"primaryImageOfPage":{"@id":"https:\/\/www.checchiemagli.com\/es\/news\/federunacoma-richiama-l-attenzione-del-governo-e-dell-opinione-pubblica\/#primaryimage"},"image":{"@id":"https:\/\/www.checchiemagli.com\/es\/news\/federunacoma-richiama-l-attenzione-del-governo-e-dell-opinione-pubblica\/#primaryimage"},"thumbnailUrl":"https:\/\/www.checchiemagli.com\/wp-content\/uploads\/2025\/03\/WOLF-PRO-1-1-1.jpg","datePublished":"2020-03-30T11:46:33+00:00","dateModified":"2025-06-16T15:55:27+00:00","description":"FederUnacoma richiama l\u2019attenzione del governo e dell\u2019opinione pubblica sull\u2019importante ruolo del comparto all\u2019interno della filiera agro-alimentare, ritenuta a ragione altamente strategica in questa fase emergenziale","breadcrumb":{"@id":"https:\/\/www.checchiemagli.com\/es\/news\/federunacoma-richiama-l-attenzione-del-governo-e-dell-opinione-pubblica\/#breadcrumb"},"inLanguage":"es","potentialAction":[{"@type":"ReadAction","target":["https:\/\/www.checchiemagli.com\/es\/news\/federunacoma-richiama-l-attenzione-del-governo-e-dell-opinione-pubblica\/"]}]},{"@type":"ImageObject","inLanguage":"es","@id":"https:\/\/www.checchiemagli.com\/es\/news\/federunacoma-richiama-l-attenzione-del-governo-e-dell-opinione-pubblica\/#primaryimage","url":"https:\/\/www.checchiemagli.com\/wp-content\/uploads\/2025\/03\/WOLF-PRO-1-1-1.jpg","contentUrl":"https:\/\/www.checchiemagli.com\/wp-content\/uploads\/2025\/03\/WOLF-PRO-1-1-1.jpg","width":1280,"height":720},{"@type":"BreadcrumbList","@id":"https:\/\/www.checchiemagli.com\/es\/news\/federunacoma-richiama-l-attenzione-del-governo-e-dell-opinione-pubblica\/#breadcrumb","itemListElement":[{"@type":"ListItem","position":1,"name":"Home","item":"https:\/\/www.checchiemagli.com\/es\/"},{"@type":"ListItem","position":2,"name":"Produrre cibo al tempo del Covid-19"}]},{"@type":"WebSite","@id":"https:\/\/www.checchiemagli.com\/es\/#website","url":"https:\/\/www.checchiemagli.com\/es\/","name":"Checchi&Magli","description":"Produzione e Distribuzione di Macchine Agricole","publisher":{"@id":"https:\/\/www.checchiemagli.com\/es\/#organization"},"potentialAction":[{"@type":"SearchAction","target":{"@type":"EntryPoint","urlTemplate":"https:\/\/www.checchiemagli.com\/es\/?s={search_term_string}"},"query-input":{"@type":"PropertyValueSpecification","valueRequired":true,"valueName":"search_term_string"}}],"inLanguage":"es"},{"@type":"Organization","@id":"https:\/\/www.checchiemagli.com\/es\/#organization","name":"Checchi&Magli","url":"https:\/\/www.checchiemagli.com\/es\/","logo":{"@type":"ImageObject","inLanguage":"es","@id":"https:\/\/www.checchiemagli.com\/es\/#\/schema\/logo\/image\/","url":"https:\/\/www.checchiemagli.com\/wp-content\/uploads\/2025\/03\/logo.png","contentUrl":"https:\/\/www.checchiemagli.com\/wp-content\/uploads\/2025\/03\/logo.png","width":633,"height":149,"caption":"Checchi&Magli"},"image":{"@id":"https:\/\/www.checchiemagli.com\/es\/#\/schema\/logo\/image\/"},"sameAs":["https:\/\/www.facebook.com\/checchiemagli\/","https:\/\/x.com\/checchiemagli","https:\/\/www.youtube.com\/user\/checchiemagli","https:\/\/www.instagram.com\/checchiemagli\/","https:\/\/www.linkedin.com\/company\/checchiemagli\/"]},{"@type":"Person","@id":"https:\/\/www.checchiemagli.com\/es\/#\/schema\/person\/97af9de213cbd27e3814130b2a783374","name":"Checchi &amp; Magli","url":"https:\/\/www.checchiemagli.com\/es\/author\/checchiemagli\/"}]}},"_links":{"self":[{"href":"https:\/\/www.checchiemagli.com\/es\/wp-json\/wp\/v2\/posts\/2314","targetHints":{"allow":["GET"]}}],"collection":[{"href":"https:\/\/www.checchiemagli.com\/es\/wp-json\/wp\/v2\/posts"}],"about":[{"href":"https:\/\/www.checchiemagli.com\/es\/wp-json\/wp\/v2\/types\/post"}],"author":[{"embeddable":true,"href":"https:\/\/www.checchiemagli.com\/es\/wp-json\/wp\/v2\/users\/3"}],"replies":[{"embeddable":true,"href":"https:\/\/www.checchiemagli.com\/es\/wp-json\/wp\/v2\/comments?post=2314"}],"version-history":[{"count":0,"href":"https:\/\/www.checchiemagli.com\/es\/wp-json\/wp\/v2\/posts\/2314\/revisions"}],"wp:featuredmedia":[{"embeddable":true,"href":"https:\/\/www.checchiemagli.com\/es\/wp-json\/wp\/v2\/media\/1295"}],"wp:attachment":[{"href":"https:\/\/www.checchiemagli.com\/es\/wp-json\/wp\/v2\/media?parent=2314"}],"wp:term":[{"taxonomy":"category","embeddable":true,"href":"https:\/\/www.checchiemagli.com\/es\/wp-json\/wp\/v2\/categories?post=2314"},{"taxonomy":"post_tag","embeddable":true,"href":"https:\/\/www.checchiemagli.com\/es\/wp-json\/wp\/v2\/tags?post=2314"}],"curies":[{"name":"wp","href":"https:\/\/api.w.org\/{rel}","templated":true}]}}