{"id":2313,"date":"2020-03-13T08:06:51","date_gmt":"2020-03-13T07:06:51","guid":{"rendered":"https:\/\/www.checchiemagli.com\/maquinas-agricolas-la-industria-italiana-no-se-detiene\/"},"modified":"2020-03-13T08:06:51","modified_gmt":"2020-03-13T07:06:51","slug":"maquinas-agricolas-la-industria-italiana-no-se-detiene","status":"publish","type":"post","link":"https:\/\/www.checchiemagli.com\/es\/news\/maquinas-agricolas-la-industria-italiana-no-se-detiene\/","title":{"rendered":"M\u00e1quinas agr\u00edcolas: la industria italiana no se detiene"},"content":{"rendered":"<p>&nbsp;<\/p>\n<p><em>Comunicado de prensa<\/em><\/p>\n<p>&nbsp;<\/p>\n<h2><strong>M\u00e1quinas agr\u00edcolas: la industria italiana no se detiene<\/strong><\/h2>\n<p><strong><em>Los riesgos vinculados a la difusi\u00f3n del Covid-19 imponen normas especiales de prevenci\u00f3n pero las empresas de la mec\u00e1nica agr\u00edcola mantienen buenos ritmos productivos, tambi\u00e9n para satisfacer la demanda extranjera, que cubre el 70% del volumen de ventas del sector. Funciona a pleno r\u00e9gimen la organizaci\u00f3n de EIMA International, la muestra mundial que se llevar\u00e1 a cabo en Bolonia del 11 al 15 de noviembre.<\/em><\/strong><\/p>\n<p><strong><em>\u00a0<\/em><\/strong><\/p>\n<p>La emergencia causada por la difusi\u00f3n del Covid-19 ha impuesto restricciones y procedimientos de seguridad pero no ha detenido la actividad de los sectores manufactureros. Las industrias italianas de la mec\u00e1nica agr\u00edcola mantienen en funci\u00f3n sus propias l\u00edneas de producci\u00f3n para hacer frente a la demanda de maquinaria y componentes \u00abMade in Italy\u00bb proveniente, sobre todo, de Pa\u00edses extranjeros.<\/p>\n<p>La asociaci\u00f3n de los fabricantes italianos FederUnacoma subraya la vocaci\u00f3n internacional de este sector de la mec\u00e1nica, que exporta m\u00e1s del 70% de la producci\u00f3n (con un volumen de ventas de aproximadamente 11 mil millones de euros) con cuotas muy significativas en mercados preciados tales como Alemania, Francia y Estados Unidos; y se\u00f1ala el riesgo de que la informaci\u00f3n incorrecta, inherente a una presunta suspensi\u00f3n de las actividades productivas y a una dificultad en el movimiento de las mercanc\u00edas, pueda da\u00f1ar las normales relaciones comerciales.<\/p>\n<p>&nbsp;<\/p>\n<h2>Las f\u00e1bricas siguen sus actividades<\/h2>\n<p>Las f\u00e1bricas \u2014tranquiliza FederUnacoma\u2014 siguen sus actividades, si bien bas\u00e1ndose en nuevos criterios organizativos, y respetando meticulosamente las normas de prevenci\u00f3n establecidas por el Gobierno y la comunidad cient\u00edfica.<\/p>\n<p>Una vez superada la fase cr\u00edtica, recuperar\u00e1n el protagonismo las ferias internacionales especializadas, con todas las novedades inherentes a los productos y las tecnolog\u00edas futuristas que este sector de la industria es capaz de realizar. Primera entre todas, EIMA International, la gran feria de la mec\u00e1nica agr\u00edcola que FederUnacoma organiza en Bolonia y cuya 44\u00b0 edici\u00f3n se llevar\u00e1 a cabo del 11 al 15 de noviembre pr\u00f3ximo. La m\u00e1quina organizativa marcha a pleno ritmo \u2014comunican las estructuras operativas de la Federaci\u00f3n\u2014 para que EIMA 2020 pueda confirmarse como un evento de alcance formidable y pueda ser vivida por todos como un s\u00edmbolo de renacimiento para la econom\u00eda y las comunidades de ciudadanos.<\/p>\n<p>&nbsp;<\/p>\n<p><strong>FEDERUNACOMA<\/strong><\/p>\n<p><strong>Roma &#8211; 12 marzo 2020<\/strong><\/p>\n<p><strong>\u00a0<\/strong><\/p>\n","protected":false},"excerpt":{"rendered":"<p>&nbsp; Comunicado de prensa &nbsp; M\u00e1quinas agr\u00edcolas: la industria italiana no se detiene Los riesgos vinculados a la difusi\u00f3n del Covid-19 imponen normas especiales de prevenci\u00f3n pero las empresas de la mec\u00e1nica agr\u00edcola mantienen buenos ritmos productivos, tambi\u00e9n para satisfacer la demanda extranjera, que cubre el 70% del volumen de ventas del sector. Funciona a&#8230;<\/p>\n","protected":false},"author":3,"featured_media":1289,"comment_status":"closed","ping_status":"closed","sticky":false,"template":"","format":"standard","meta":{"_acf_changed":false,"_gspb_post_css":"","_kad_post_transparent":"","_kad_post_title":"","_kad_post_layout":"","_kad_post_sidebar_id":"","_kad_post_content_style":"","_kad_post_vertical_padding":"","_kad_post_feature":"","_kad_post_feature_position":"","_kad_post_header":false,"_kad_post_footer":false,"_kad_post_classname":"","footnotes":""},"categories":[283],"tags":[361,289],"class_list":["post-2313","post","type-post","status-publish","format-standard","has-post-thumbnail","hentry","category-sin-categorizar","tag-eima-5","tag-maquinas-agricolas"],"acf":[],"yoast_head":"<!-- This site is optimized with the Yoast SEO plugin v27.2 - https:\/\/yoast.com\/product\/yoast-seo-wordpress\/ -->\n<title>M\u00e1quinas Agr\u00edcolas: Los fabricantes italianos contin\u00faan la producci\u00f3n<\/title>\n<meta name=\"description\" content=\"Las empresas fabricantes de m\u00e1quinas agr\u00edcolas contin\u00faan la producci\u00f3n en Italia de sus equipos para cultivos y agricultura. EIMA International, por su parte, se celebrar\u00e1 durante el mes de Noviembre en Bolo\u00f1a.\" \/>\n<meta name=\"robots\" content=\"index, follow, max-snippet:-1, max-image-preview:large, max-video-preview:-1\" \/>\n<link rel=\"canonical\" href=\"https:\/\/www.checchiemagli.com\/es\/news\/maquinas-agricolas-la-industria-italiana-no-se-detiene\/\" \/>\n<meta property=\"og:locale\" content=\"es_ES\" \/>\n<meta property=\"og:type\" content=\"article\" \/>\n<meta property=\"og:title\" content=\"M\u00e1quinas Agr\u00edcolas: Los fabricantes italianos contin\u00faan la producci\u00f3n\" \/>\n<meta property=\"og:description\" content=\"Las empresas fabricantes de m\u00e1quinas agr\u00edcolas contin\u00faan la producci\u00f3n en Italia de sus equipos para cultivos y agricultura. EIMA International, por su parte, se celebrar\u00e1 durante el mes de Noviembre en Bolo\u00f1a.\" \/>\n<meta property=\"og:url\" content=\"https:\/\/www.checchiemagli.com\/es\/news\/maquinas-agricolas-la-industria-italiana-no-se-detiene\/\" \/>\n<meta property=\"og:site_name\" content=\"Checchi e Magli\" \/>\n<meta property=\"article:publisher\" content=\"https:\/\/www.facebook.com\/checchiemagli\/\" \/>\n<meta property=\"article:published_time\" content=\"2020-03-13T07:06:51+00:00\" \/>\n<meta property=\"og:image\" content=\"https:\/\/www.checchiemagli.com\/wp-content\/uploads\/2025\/03\/CM-1-1.jpg\" \/>\n\t<meta property=\"og:image:width\" content=\"1495\" \/>\n\t<meta property=\"og:image:height\" content=\"1125\" \/>\n\t<meta property=\"og:image:type\" content=\"image\/jpeg\" \/>\n<meta name=\"author\" content=\"Checchi &amp; Magli\" \/>\n<meta name=\"twitter:card\" content=\"summary_large_image\" \/>\n<meta name=\"twitter:creator\" content=\"@checchiemagli\" \/>\n<meta name=\"twitter:site\" content=\"@checchiemagli\" \/>\n<meta name=\"twitter:label1\" content=\"Escrito por\" \/>\n\t<meta name=\"twitter:data1\" content=\"Checchi &amp; Magli\" \/>\n\t<meta name=\"twitter:label2\" content=\"Tiempo de lectura\" \/>\n\t<meta name=\"twitter:data2\" content=\"2 minutos\" \/>\n<!-- \/ Yoast SEO plugin. -->","yoast_head_json":{"title":"M\u00e1quinas Agr\u00edcolas: Los fabricantes italianos contin\u00faan la producci\u00f3n","description":"Las empresas fabricantes de m\u00e1quinas agr\u00edcolas contin\u00faan la producci\u00f3n en Italia de sus equipos para cultivos y agricultura. EIMA International, por su parte, se celebrar\u00e1 durante el mes de Noviembre en Bolo\u00f1a.","robots":{"index":"index","follow":"follow","max-snippet":"max-snippet:-1","max-image-preview":"max-image-preview:large","max-video-preview":"max-video-preview:-1"},"canonical":"https:\/\/www.checchiemagli.com\/es\/news\/maquinas-agricolas-la-industria-italiana-no-se-detiene\/","og_locale":"es_ES","og_type":"article","og_title":"M\u00e1quinas Agr\u00edcolas: Los fabricantes italianos contin\u00faan la producci\u00f3n","og_description":"Las empresas fabricantes de m\u00e1quinas agr\u00edcolas contin\u00faan la producci\u00f3n en Italia de sus equipos para cultivos y agricultura. EIMA International, por su parte, se celebrar\u00e1 durante el mes de Noviembre en Bolo\u00f1a.","og_url":"https:\/\/www.checchiemagli.com\/es\/news\/maquinas-agricolas-la-industria-italiana-no-se-detiene\/","og_site_name":"Checchi e Magli","article_publisher":"https:\/\/www.facebook.com\/checchiemagli\/","article_published_time":"2020-03-13T07:06:51+00:00","og_image":[{"width":1495,"height":1125,"url":"https:\/\/www.checchiemagli.com\/wp-content\/uploads\/2025\/03\/CM-1-1.jpg","type":"image\/jpeg"}],"author":"Checchi &amp; Magli","twitter_card":"summary_large_image","twitter_creator":"@checchiemagli","twitter_site":"@checchiemagli","twitter_misc":{"Escrito por":"Checchi &amp; Magli","Tiempo de lectura":"2 minutos"},"schema":{"@context":"https:\/\/schema.org","@graph":[{"@type":"Article","@id":"https:\/\/www.checchiemagli.com\/es\/news\/maquinas-agricolas-la-industria-italiana-no-se-detiene\/#article","isPartOf":{"@id":"https:\/\/www.checchiemagli.com\/es\/news\/maquinas-agricolas-la-industria-italiana-no-se-detiene\/"},"author":{"name":"Checchi &amp; Magli","@id":"https:\/\/www.checchiemagli.com\/es\/#\/schema\/person\/97af9de213cbd27e3814130b2a783374"},"headline":"M\u00e1quinas agr\u00edcolas: la industria italiana no se detiene","datePublished":"2020-03-13T07:06:51+00:00","mainEntityOfPage":{"@id":"https:\/\/www.checchiemagli.com\/es\/news\/maquinas-agricolas-la-industria-italiana-no-se-detiene\/"},"wordCount":417,"publisher":{"@id":"https:\/\/www.checchiemagli.com\/es\/#organization"},"image":{"@id":"https:\/\/www.checchiemagli.com\/es\/news\/maquinas-agricolas-la-industria-italiana-no-se-detiene\/#primaryimage"},"thumbnailUrl":"https:\/\/www.checchiemagli.com\/wp-content\/uploads\/2025\/03\/CM-1-1.jpg","keywords":["eima","maquinas agricolas"],"articleSection":["Sin categorizar"],"inLanguage":"es"},{"@type":"WebPage","@id":"https:\/\/www.checchiemagli.com\/es\/news\/maquinas-agricolas-la-industria-italiana-no-se-detiene\/","url":"https:\/\/www.checchiemagli.com\/es\/news\/maquinas-agricolas-la-industria-italiana-no-se-detiene\/","name":"M\u00e1quinas Agr\u00edcolas: Los fabricantes italianos contin\u00faan la producci\u00f3n","isPartOf":{"@id":"https:\/\/www.checchiemagli.com\/es\/#website"},"primaryImageOfPage":{"@id":"https:\/\/www.checchiemagli.com\/es\/news\/maquinas-agricolas-la-industria-italiana-no-se-detiene\/#primaryimage"},"image":{"@id":"https:\/\/www.checchiemagli.com\/es\/news\/maquinas-agricolas-la-industria-italiana-no-se-detiene\/#primaryimage"},"thumbnailUrl":"https:\/\/www.checchiemagli.com\/wp-content\/uploads\/2025\/03\/CM-1-1.jpg","datePublished":"2020-03-13T07:06:51+00:00","description":"Las empresas fabricantes de m\u00e1quinas agr\u00edcolas contin\u00faan la producci\u00f3n en Italia de sus equipos para cultivos y agricultura. EIMA International, por su parte, se celebrar\u00e1 durante el mes de Noviembre en Bolo\u00f1a.","breadcrumb":{"@id":"https:\/\/www.checchiemagli.com\/es\/news\/maquinas-agricolas-la-industria-italiana-no-se-detiene\/#breadcrumb"},"inLanguage":"es","potentialAction":[{"@type":"ReadAction","target":["https:\/\/www.checchiemagli.com\/es\/news\/maquinas-agricolas-la-industria-italiana-no-se-detiene\/"]}]},{"@type":"ImageObject","inLanguage":"es","@id":"https:\/\/www.checchiemagli.com\/es\/news\/maquinas-agricolas-la-industria-italiana-no-se-detiene\/#primaryimage","url":"https:\/\/www.checchiemagli.com\/wp-content\/uploads\/2025\/03\/CM-1-1.jpg","contentUrl":"https:\/\/www.checchiemagli.com\/wp-content\/uploads\/2025\/03\/CM-1-1.jpg","width":1495,"height":1125},{"@type":"BreadcrumbList","@id":"https:\/\/www.checchiemagli.com\/es\/news\/maquinas-agricolas-la-industria-italiana-no-se-detiene\/#breadcrumb","itemListElement":[{"@type":"ListItem","position":1,"name":"Home","item":"https:\/\/www.checchiemagli.com\/es\/"},{"@type":"ListItem","position":2,"name":"M\u00e1quinas agr\u00edcolas: la industria italiana no se detiene"}]},{"@type":"WebSite","@id":"https:\/\/www.checchiemagli.com\/es\/#website","url":"https:\/\/www.checchiemagli.com\/es\/","name":"Checchi&Magli","description":"Produzione e Distribuzione di Macchine Agricole","publisher":{"@id":"https:\/\/www.checchiemagli.com\/es\/#organization"},"potentialAction":[{"@type":"SearchAction","target":{"@type":"EntryPoint","urlTemplate":"https:\/\/www.checchiemagli.com\/es\/?s={search_term_string}"},"query-input":{"@type":"PropertyValueSpecification","valueRequired":true,"valueName":"search_term_string"}}],"inLanguage":"es"},{"@type":"Organization","@id":"https:\/\/www.checchiemagli.com\/es\/#organization","name":"Checchi&Magli","url":"https:\/\/www.checchiemagli.com\/es\/","logo":{"@type":"ImageObject","inLanguage":"es","@id":"https:\/\/www.checchiemagli.com\/es\/#\/schema\/logo\/image\/","url":"https:\/\/www.checchiemagli.com\/wp-content\/uploads\/2025\/03\/logo.png","contentUrl":"https:\/\/www.checchiemagli.com\/wp-content\/uploads\/2025\/03\/logo.png","width":633,"height":149,"caption":"Checchi&Magli"},"image":{"@id":"https:\/\/www.checchiemagli.com\/es\/#\/schema\/logo\/image\/"},"sameAs":["https:\/\/www.facebook.com\/checchiemagli\/","https:\/\/x.com\/checchiemagli","https:\/\/www.youtube.com\/user\/checchiemagli","https:\/\/www.instagram.com\/checchiemagli\/","https:\/\/www.linkedin.com\/company\/checchiemagli\/"]},{"@type":"Person","@id":"https:\/\/www.checchiemagli.com\/es\/#\/schema\/person\/97af9de213cbd27e3814130b2a783374","name":"Checchi &amp; Magli","url":"https:\/\/www.checchiemagli.com\/es\/author\/checchiemagli\/"}]}},"_links":{"self":[{"href":"https:\/\/www.checchiemagli.com\/es\/wp-json\/wp\/v2\/posts\/2313","targetHints":{"allow":["GET"]}}],"collection":[{"href":"https:\/\/www.checchiemagli.com\/es\/wp-json\/wp\/v2\/posts"}],"about":[{"href":"https:\/\/www.checchiemagli.com\/es\/wp-json\/wp\/v2\/types\/post"}],"author":[{"embeddable":true,"href":"https:\/\/www.checchiemagli.com\/es\/wp-json\/wp\/v2\/users\/3"}],"replies":[{"embeddable":true,"href":"https:\/\/www.checchiemagli.com\/es\/wp-json\/wp\/v2\/comments?post=2313"}],"version-history":[{"count":0,"href":"https:\/\/www.checchiemagli.com\/es\/wp-json\/wp\/v2\/posts\/2313\/revisions"}],"wp:featuredmedia":[{"embeddable":true,"href":"https:\/\/www.checchiemagli.com\/es\/wp-json\/wp\/v2\/media\/1289"}],"wp:attachment":[{"href":"https:\/\/www.checchiemagli.com\/es\/wp-json\/wp\/v2\/media?parent=2313"}],"wp:term":[{"taxonomy":"category","embeddable":true,"href":"https:\/\/www.checchiemagli.com\/es\/wp-json\/wp\/v2\/categories?post=2313"},{"taxonomy":"post_tag","embeddable":true,"href":"https:\/\/www.checchiemagli.com\/es\/wp-json\/wp\/v2\/tags?post=2313"}],"curies":[{"name":"wp","href":"https:\/\/api.w.org\/{rel}","templated":true}]}}