{"id":2191,"date":"2024-09-06T12:21:12","date_gmt":"2024-09-06T10:21:12","guid":{"rendered":"https:\/\/www.checchiemagli.com\/eima-2024-3\/"},"modified":"2025-06-16T18:01:18","modified_gmt":"2025-06-16T16:01:18","slug":"eima-2024","status":"publish","type":"post","link":"https:\/\/www.checchiemagli.com\/de\/news\/eima-2024\/","title":{"rendered":"EIMA 2024"},"content":{"rendered":"<a href=\"https:\/\/www.eima.it\" target=\"_blank\" rel=\"noopener noreferrer\">www.eima.it<\/a>\n\n<strong>HALL 31 \u2013 STAND B13<\/strong><span id=\"jq-sc-Mobile-ExhBoothLinks\" class=\"jq-sc-Mobile sc-Exhibitor_ShowBoothsWrapper-fp\"><strong>\n<\/strong> <\/span>\n\n&nbsp;\n<h2>EIMA: the Innovation Factory<\/h2>\n<div class=\"flex70\">\n\n<strong>EIMA\u00a0International ist die <\/strong><em>Internationale Ausstellung f\u00fcr Maschinen f\u00fcr die Landwirtschaft und den Gartenbau<\/em>, eine zweij\u00e4hrliche Veranstaltung, die <strong>seit 1969 von der <\/strong><a href=\"https:\/\/www.federunacoma.it\" target=\"_blank\" rel=\"noopener\"><strong>FederUnacoma<\/strong><\/a> (Federazione Nazionale Costruttori Macchine per l\u2019Agricoltura) ausgerichtet und von der Dienstleistungsgesellschaft <strong>FederUnacoma surl<\/strong> in Zusammenarbeit mit <strong>BolognaFiere<\/strong> organisiert wird.\n\nAn der Veranstaltung, die in 14\u00a0Warenbereiche unterteilt und auch in die Fach-Salons <a href=\"https:\/\/www.eima.it\/en\/theme-salons.php#componenti\">EIMA Componenti<\/a>, <a href=\"https:\/\/www.eima.it\/en\/theme-salons.php#green\">EIMA Green<\/a>, <a href=\"https:\/\/www.eima.it\/en\/theme-salons.php#energy\">EIMA Energy<\/a>, <a href=\"https:\/\/www.eima.it\/en\/theme-salons.php#idrotech\">EIMA Idrotech<\/a> und <a href=\"https:\/\/www.eima.it\/en\/theme-salons.php#digital\">EIMA Digital<\/a> gegliedert ist, nehmen industrielle Hersteller von allen Kontinenten direkt teil und pr\u00e4sentieren die technologischen Innovationen auf internationaler Ebene.\n\n<strong>Die EIMAfindet im Messeviertel von Bologna auf einer Gesamtfl\u00e4che von 375.000 m\u00b2<\/strong> (122.000 m\u00b2 Nettoausstellungsfl\u00e4che) statt und es sind ca. 1.700 Aussteller aus mehr als 42 L\u00e4ndern anwesend, die mehr als 60.000 Maschinenmodelle, Maschinen und Landwirtschaftsmaschinen aller Art f\u00fcr Unternehmen jeder Gr\u00f6\u00dfe pr\u00e4sentieren.\n\n<\/div>\n\n<div class=\"wp-block-buttons button-primario is-layout-flex wp-block-buttons-is-layout-flex\">\n    \n    <div class=\"wp-block-button\">\n        <a class=\"wp-block-button__link wp-element-button\" href=\"https:\/\/www.checchiemagli.com\/de\/kontakt\">KONTAKT<\/a>\n    <\/div>\n    \n<\/div>\n","protected":false},"excerpt":{"rendered":"<p>www.eima.it HALL 31 \u2013 STAND B13 &nbsp; EIMA: the Innovation Factory EIMA\u00a0International ist die Internationale Ausstellung f\u00fcr Maschinen f\u00fcr die Landwirtschaft und den Gartenbau, eine zweij\u00e4hrliche Veranstaltung, die seit 1969 von der FederUnacoma (Federazione Nazionale Costruttori Macchine per l\u2019Agricoltura) ausgerichtet und von der Dienstleistungsgesellschaft FederUnacoma surl in Zusammenarbeit mit BolognaFiere organisiert wird. An der Veranstaltung,&#8230;<\/p>\n","protected":false},"author":3,"featured_media":1945,"comment_status":"closed","ping_status":"closed","sticky":false,"template":"","format":"standard","meta":{"_acf_changed":false,"_gspb_post_css":"","_kad_post_transparent":"","_kad_post_title":"","_kad_post_layout":"","_kad_post_sidebar_id":"","_kad_post_content_style":"","_kad_post_vertical_padding":"","_kad_post_feature":"","_kad_post_feature_position":"","_kad_post_header":false,"_kad_post_footer":false,"_kad_post_classname":"","footnotes":""},"categories":[256],"tags":[320],"class_list":["post-2191","post","type-post","status-publish","format-standard","has-post-thumbnail","hentry","category-ausstellungen","tag-eima-2022-2"],"acf":[],"yoast_head":"<!-- This site is optimized with the Yoast SEO plugin v27.2 - https:\/\/yoast.com\/product\/yoast-seo-wordpress\/ -->\n<title>EIMA 2024 - Checchi e Magli<\/title>\n<meta name=\"description\" content=\"VISIT US &gt;&gt;&gt; HALL 31 - STAND B13. Eima ist die Internationale Ausstellung f\u00fcr Maschinen f\u00fcr die Landwirtschaft\" \/>\n<meta name=\"robots\" content=\"index, follow, max-snippet:-1, max-image-preview:large, max-video-preview:-1\" \/>\n<link rel=\"canonical\" href=\"https:\/\/www.checchiemagli.com\/de\/news\/eima-2024\/\" \/>\n<meta property=\"og:locale\" content=\"de_DE\" \/>\n<meta property=\"og:type\" content=\"article\" \/>\n<meta property=\"og:title\" content=\"EIMA 2024 - Checchi e Magli\" \/>\n<meta property=\"og:description\" content=\"VISIT US &gt;&gt;&gt; HALL 31 - STAND B13. Eima ist die Internationale Ausstellung f\u00fcr Maschinen f\u00fcr die Landwirtschaft\" \/>\n<meta property=\"og:url\" content=\"https:\/\/www.checchiemagli.com\/de\/news\/eima-2024\/\" \/>\n<meta property=\"og:site_name\" content=\"Checchi e Magli\" \/>\n<meta property=\"article:publisher\" content=\"https:\/\/www.facebook.com\/checchiemagli\/\" \/>\n<meta property=\"article:published_time\" content=\"2024-09-06T10:21:12+00:00\" \/>\n<meta property=\"article:modified_time\" content=\"2025-06-16T16:01:18+00:00\" \/>\n<meta property=\"og:image\" content=\"https:\/\/www.checchiemagli.com\/wp-content\/uploads\/2025\/03\/EIMA-2024-1.jpg\" \/>\n\t<meta property=\"og:image:width\" content=\"1080\" \/>\n\t<meta property=\"og:image:height\" content=\"1080\" \/>\n\t<meta property=\"og:image:type\" content=\"image\/jpeg\" \/>\n<meta name=\"author\" content=\"Checchi &amp; Magli\" \/>\n<meta name=\"twitter:card\" content=\"summary_large_image\" \/>\n<meta name=\"twitter:creator\" content=\"@checchiemagli\" \/>\n<meta name=\"twitter:site\" content=\"@checchiemagli\" \/>\n<meta name=\"twitter:label1\" content=\"Verfasst von\" \/>\n\t<meta name=\"twitter:data1\" content=\"Checchi &amp; Magli\" \/>\n\t<meta name=\"twitter:label2\" content=\"Gesch\u00e4tzte Lesezeit\" \/>\n\t<meta name=\"twitter:data2\" content=\"1\u00a0Minute\" \/>\n<!-- \/ Yoast SEO plugin. -->","yoast_head_json":{"title":"EIMA 2024 - Checchi e Magli","description":"VISIT US >>> HALL 31 - STAND B13. Eima ist die Internationale Ausstellung f\u00fcr Maschinen f\u00fcr die Landwirtschaft","robots":{"index":"index","follow":"follow","max-snippet":"max-snippet:-1","max-image-preview":"max-image-preview:large","max-video-preview":"max-video-preview:-1"},"canonical":"https:\/\/www.checchiemagli.com\/de\/news\/eima-2024\/","og_locale":"de_DE","og_type":"article","og_title":"EIMA 2024 - Checchi e Magli","og_description":"VISIT US >>> HALL 31 - STAND B13. Eima ist die Internationale Ausstellung f\u00fcr Maschinen f\u00fcr die Landwirtschaft","og_url":"https:\/\/www.checchiemagli.com\/de\/news\/eima-2024\/","og_site_name":"Checchi e Magli","article_publisher":"https:\/\/www.facebook.com\/checchiemagli\/","article_published_time":"2024-09-06T10:21:12+00:00","article_modified_time":"2025-06-16T16:01:18+00:00","og_image":[{"width":1080,"height":1080,"url":"https:\/\/www.checchiemagli.com\/wp-content\/uploads\/2025\/03\/EIMA-2024-1.jpg","type":"image\/jpeg"}],"author":"Checchi &amp; Magli","twitter_card":"summary_large_image","twitter_creator":"@checchiemagli","twitter_site":"@checchiemagli","twitter_misc":{"Verfasst von":"Checchi &amp; Magli","Gesch\u00e4tzte Lesezeit":"1\u00a0Minute"},"schema":{"@context":"https:\/\/schema.org","@graph":[{"@type":"Article","@id":"https:\/\/www.checchiemagli.com\/de\/news\/eima-2024\/#article","isPartOf":{"@id":"https:\/\/www.checchiemagli.com\/de\/news\/eima-2024\/"},"author":{"name":"Checchi &amp; Magli","@id":"https:\/\/www.checchiemagli.com\/de\/#\/schema\/person\/97af9de213cbd27e3814130b2a783374"},"headline":"EIMA 2024","datePublished":"2024-09-06T10:21:12+00:00","dateModified":"2025-06-16T16:01:18+00:00","mainEntityOfPage":{"@id":"https:\/\/www.checchiemagli.com\/de\/news\/eima-2024\/"},"wordCount":144,"publisher":{"@id":"https:\/\/www.checchiemagli.com\/de\/#organization"},"image":{"@id":"https:\/\/www.checchiemagli.com\/de\/news\/eima-2024\/#primaryimage"},"thumbnailUrl":"https:\/\/www.checchiemagli.com\/wp-content\/uploads\/2025\/03\/EIMA-2024-1.jpg","keywords":["EIMA 2022"],"articleSection":["Ausstellungen"],"inLanguage":"de"},{"@type":"WebPage","@id":"https:\/\/www.checchiemagli.com\/de\/news\/eima-2024\/","url":"https:\/\/www.checchiemagli.com\/de\/news\/eima-2024\/","name":"EIMA 2024 - Checchi e Magli","isPartOf":{"@id":"https:\/\/www.checchiemagli.com\/de\/#website"},"primaryImageOfPage":{"@id":"https:\/\/www.checchiemagli.com\/de\/news\/eima-2024\/#primaryimage"},"image":{"@id":"https:\/\/www.checchiemagli.com\/de\/news\/eima-2024\/#primaryimage"},"thumbnailUrl":"https:\/\/www.checchiemagli.com\/wp-content\/uploads\/2025\/03\/EIMA-2024-1.jpg","datePublished":"2024-09-06T10:21:12+00:00","dateModified":"2025-06-16T16:01:18+00:00","description":"VISIT US >>> HALL 31 - STAND B13. Eima ist die Internationale Ausstellung f\u00fcr Maschinen f\u00fcr die Landwirtschaft","breadcrumb":{"@id":"https:\/\/www.checchiemagli.com\/de\/news\/eima-2024\/#breadcrumb"},"inLanguage":"de","potentialAction":[{"@type":"ReadAction","target":["https:\/\/www.checchiemagli.com\/de\/news\/eima-2024\/"]}]},{"@type":"ImageObject","inLanguage":"de","@id":"https:\/\/www.checchiemagli.com\/de\/news\/eima-2024\/#primaryimage","url":"https:\/\/www.checchiemagli.com\/wp-content\/uploads\/2025\/03\/EIMA-2024-1.jpg","contentUrl":"https:\/\/www.checchiemagli.com\/wp-content\/uploads\/2025\/03\/EIMA-2024-1.jpg","width":1080,"height":1080},{"@type":"BreadcrumbList","@id":"https:\/\/www.checchiemagli.com\/de\/news\/eima-2024\/#breadcrumb","itemListElement":[{"@type":"ListItem","position":1,"name":"Home","item":"https:\/\/www.checchiemagli.com\/de\/"},{"@type":"ListItem","position":2,"name":"EIMA 2024"}]},{"@type":"WebSite","@id":"https:\/\/www.checchiemagli.com\/de\/#website","url":"https:\/\/www.checchiemagli.com\/de\/","name":"Checchi&Magli","description":"Produzione e Distribuzione di Macchine Agricole","publisher":{"@id":"https:\/\/www.checchiemagli.com\/de\/#organization"},"potentialAction":[{"@type":"SearchAction","target":{"@type":"EntryPoint","urlTemplate":"https:\/\/www.checchiemagli.com\/de\/?s={search_term_string}"},"query-input":{"@type":"PropertyValueSpecification","valueRequired":true,"valueName":"search_term_string"}}],"inLanguage":"de"},{"@type":"Organization","@id":"https:\/\/www.checchiemagli.com\/de\/#organization","name":"Checchi&Magli","url":"https:\/\/www.checchiemagli.com\/de\/","logo":{"@type":"ImageObject","inLanguage":"de","@id":"https:\/\/www.checchiemagli.com\/de\/#\/schema\/logo\/image\/","url":"https:\/\/www.checchiemagli.com\/wp-content\/uploads\/2025\/03\/logo.png","contentUrl":"https:\/\/www.checchiemagli.com\/wp-content\/uploads\/2025\/03\/logo.png","width":633,"height":149,"caption":"Checchi&Magli"},"image":{"@id":"https:\/\/www.checchiemagli.com\/de\/#\/schema\/logo\/image\/"},"sameAs":["https:\/\/www.facebook.com\/checchiemagli\/","https:\/\/x.com\/checchiemagli","https:\/\/www.youtube.com\/user\/checchiemagli","https:\/\/www.instagram.com\/checchiemagli\/","https:\/\/www.linkedin.com\/company\/checchiemagli\/"]},{"@type":"Person","@id":"https:\/\/www.checchiemagli.com\/de\/#\/schema\/person\/97af9de213cbd27e3814130b2a783374","name":"Checchi &amp; Magli","url":"https:\/\/www.checchiemagli.com\/de\/author\/checchiemagli\/"}]}},"_links":{"self":[{"href":"https:\/\/www.checchiemagli.com\/de\/wp-json\/wp\/v2\/posts\/2191","targetHints":{"allow":["GET"]}}],"collection":[{"href":"https:\/\/www.checchiemagli.com\/de\/wp-json\/wp\/v2\/posts"}],"about":[{"href":"https:\/\/www.checchiemagli.com\/de\/wp-json\/wp\/v2\/types\/post"}],"author":[{"embeddable":true,"href":"https:\/\/www.checchiemagli.com\/de\/wp-json\/wp\/v2\/users\/3"}],"replies":[{"embeddable":true,"href":"https:\/\/www.checchiemagli.com\/de\/wp-json\/wp\/v2\/comments?post=2191"}],"version-history":[{"count":0,"href":"https:\/\/www.checchiemagli.com\/de\/wp-json\/wp\/v2\/posts\/2191\/revisions"}],"wp:featuredmedia":[{"embeddable":true,"href":"https:\/\/www.checchiemagli.com\/de\/wp-json\/wp\/v2\/media\/1945"}],"wp:attachment":[{"href":"https:\/\/www.checchiemagli.com\/de\/wp-json\/wp\/v2\/media?parent=2191"}],"wp:term":[{"taxonomy":"category","embeddable":true,"href":"https:\/\/www.checchiemagli.com\/de\/wp-json\/wp\/v2\/categories?post=2191"},{"taxonomy":"post_tag","embeddable":true,"href":"https:\/\/www.checchiemagli.com\/de\/wp-json\/wp\/v2\/tags?post=2191"}],"curies":[{"name":"wp","href":"https:\/\/api.w.org\/{rel}","templated":true}]}}