{"id":2171,"date":"2023-09-01T09:31:32","date_gmt":"2023-09-01T07:31:32","guid":{"rendered":"https:\/\/www.checchiemagli.com\/expo-agrofuturo-2023-3\/"},"modified":"2025-06-16T18:03:40","modified_gmt":"2025-06-16T16:03:40","slug":"expo-agrofuturo-2023","status":"publish","type":"post","link":"https:\/\/www.checchiemagli.com\/de\/news\/expo-agrofuturo-2023\/","title":{"rendered":"EXPO AGROFUTURO 2023"},"content":{"rendered":"<div data-contents=\"true\">\n<p>Estamos listos para encontrarnos en una nueva edici\u00f3n de Expo Agrofuturo 2023<\/p>\n<p>  Vis\u00edtanos del 6 al 8 de septiembre<\/p>\n<p>  Plaza Mayor, Medell\u00edn &#8211; Colombia<\/p>\n<p>M\u00e1s informaci\u00f3n   info@checchiemagli.com<\/p>\n<p>#checchiemagli #1transplanters #ExpoAgrofuturo2023 #candmGlobal<\/p>\n<\/div>\n<p>&nbsp;<\/p>\n","protected":false},"excerpt":{"rendered":"<p>Estamos listos para encontrarnos en una nueva edici\u00f3n de Expo Agrofuturo 2023 Vis\u00edtanos del 6 al 8 de septiembre Plaza Mayor, Medell\u00edn &#8211; Colombia M\u00e1s informaci\u00f3n info@checchiemagli.com #checchiemagli #1transplanters #ExpoAgrofuturo2023 #candmGlobal &nbsp;<\/p>\n","protected":false},"author":3,"featured_media":1748,"comment_status":"closed","ping_status":"closed","sticky":false,"template":"","format":"standard","meta":{"_acf_changed":false,"_gspb_post_css":"","_kad_post_transparent":"","_kad_post_title":"","_kad_post_layout":"","_kad_post_sidebar_id":"","_kad_post_content_style":"","_kad_post_vertical_padding":"","_kad_post_feature":"","_kad_post_feature_position":"","_kad_post_header":false,"_kad_post_footer":false,"_kad_post_classname":"","footnotes":""},"categories":[256],"tags":[],"class_list":["post-2171","post","type-post","status-publish","format-standard","has-post-thumbnail","hentry","category-ausstellungen"],"acf":[],"yoast_head":"<!-- This site is optimized with the Yoast SEO plugin v27.2 - https:\/\/yoast.com\/product\/yoast-seo-wordpress\/ -->\n<title>Checchi &amp; Magli - EXPO AGROFUTURO 2023<\/title>\n<meta name=\"description\" content=\"Estamos listos para encontrarnos en una nueva edici\u00f3n de Expo Agrofuturo 2023 Vis\u00edtanos del 6 al 8 de septiembre Plaza Mayor, Medell\u00edn - Colombia M\u00e1s\" \/>\n<meta name=\"robots\" content=\"index, follow, max-snippet:-1, max-image-preview:large, max-video-preview:-1\" \/>\n<link rel=\"canonical\" href=\"https:\/\/www.checchiemagli.com\/de\/news\/expo-agrofuturo-2023\/\" \/>\n<meta property=\"og:locale\" content=\"de_DE\" \/>\n<meta property=\"og:type\" content=\"article\" \/>\n<meta property=\"og:title\" content=\"Checchi &amp; Magli - EXPO AGROFUTURO 2023\" \/>\n<meta property=\"og:description\" content=\"Estamos listos para encontrarnos en una nueva edici\u00f3n de Expo Agrofuturo 2023 Vis\u00edtanos del 6 al 8 de septiembre Plaza Mayor, Medell\u00edn - Colombia M\u00e1s\" \/>\n<meta property=\"og:url\" content=\"https:\/\/www.checchiemagli.com\/de\/news\/expo-agrofuturo-2023\/\" \/>\n<meta property=\"og:site_name\" content=\"Checchi e Magli\" \/>\n<meta property=\"article:publisher\" content=\"https:\/\/www.facebook.com\/checchiemagli\/\" \/>\n<meta property=\"article:published_time\" content=\"2023-09-01T07:31:32+00:00\" \/>\n<meta property=\"article:modified_time\" content=\"2025-06-16T16:03:40+00:00\" \/>\n<meta property=\"og:image\" content=\"https:\/\/www.checchiemagli.com\/wp-content\/uploads\/2025\/03\/EXPO-AGROFUTURO-2023-1.jpg\" \/>\n\t<meta property=\"og:image:width\" content=\"1080\" \/>\n\t<meta property=\"og:image:height\" content=\"1080\" \/>\n\t<meta property=\"og:image:type\" content=\"image\/jpeg\" \/>\n<meta name=\"author\" content=\"Checchi &amp; Magli\" \/>\n<meta name=\"twitter:card\" content=\"summary_large_image\" \/>\n<meta name=\"twitter:creator\" content=\"@checchiemagli\" \/>\n<meta name=\"twitter:site\" content=\"@checchiemagli\" \/>\n<meta name=\"twitter:label1\" content=\"Verfasst von\" \/>\n\t<meta name=\"twitter:data1\" content=\"Checchi &amp; Magli\" \/>\n<!-- \/ Yoast SEO plugin. -->","yoast_head_json":{"title":"Checchi & Magli - EXPO AGROFUTURO 2023","description":"Estamos listos para encontrarnos en una nueva edici\u00f3n de Expo Agrofuturo 2023 Vis\u00edtanos del 6 al 8 de septiembre Plaza Mayor, Medell\u00edn - Colombia M\u00e1s","robots":{"index":"index","follow":"follow","max-snippet":"max-snippet:-1","max-image-preview":"max-image-preview:large","max-video-preview":"max-video-preview:-1"},"canonical":"https:\/\/www.checchiemagli.com\/de\/news\/expo-agrofuturo-2023\/","og_locale":"de_DE","og_type":"article","og_title":"Checchi & Magli - EXPO AGROFUTURO 2023","og_description":"Estamos listos para encontrarnos en una nueva edici\u00f3n de Expo Agrofuturo 2023 Vis\u00edtanos del 6 al 8 de septiembre Plaza Mayor, Medell\u00edn - Colombia M\u00e1s","og_url":"https:\/\/www.checchiemagli.com\/de\/news\/expo-agrofuturo-2023\/","og_site_name":"Checchi e Magli","article_publisher":"https:\/\/www.facebook.com\/checchiemagli\/","article_published_time":"2023-09-01T07:31:32+00:00","article_modified_time":"2025-06-16T16:03:40+00:00","og_image":[{"width":1080,"height":1080,"url":"https:\/\/www.checchiemagli.com\/wp-content\/uploads\/2025\/03\/EXPO-AGROFUTURO-2023-1.jpg","type":"image\/jpeg"}],"author":"Checchi &amp; Magli","twitter_card":"summary_large_image","twitter_creator":"@checchiemagli","twitter_site":"@checchiemagli","twitter_misc":{"Verfasst von":"Checchi &amp; Magli"},"schema":{"@context":"https:\/\/schema.org","@graph":[{"@type":"Article","@id":"https:\/\/www.checchiemagli.com\/de\/news\/expo-agrofuturo-2023\/#article","isPartOf":{"@id":"https:\/\/www.checchiemagli.com\/de\/news\/expo-agrofuturo-2023\/"},"author":{"name":"Checchi &amp; Magli","@id":"https:\/\/www.checchiemagli.com\/de\/#\/schema\/person\/97af9de213cbd27e3814130b2a783374"},"headline":"EXPO AGROFUTURO 2023","datePublished":"2023-09-01T07:31:32+00:00","dateModified":"2025-06-16T16:03:40+00:00","mainEntityOfPage":{"@id":"https:\/\/www.checchiemagli.com\/de\/news\/expo-agrofuturo-2023\/"},"wordCount":38,"publisher":{"@id":"https:\/\/www.checchiemagli.com\/de\/#organization"},"image":{"@id":"https:\/\/www.checchiemagli.com\/de\/news\/expo-agrofuturo-2023\/#primaryimage"},"thumbnailUrl":"https:\/\/www.checchiemagli.com\/wp-content\/uploads\/2025\/03\/EXPO-AGROFUTURO-2023-1.jpg","articleSection":["Ausstellungen"],"inLanguage":"de"},{"@type":"WebPage","@id":"https:\/\/www.checchiemagli.com\/de\/news\/expo-agrofuturo-2023\/","url":"https:\/\/www.checchiemagli.com\/de\/news\/expo-agrofuturo-2023\/","name":"Checchi & Magli - EXPO AGROFUTURO 2023","isPartOf":{"@id":"https:\/\/www.checchiemagli.com\/de\/#website"},"primaryImageOfPage":{"@id":"https:\/\/www.checchiemagli.com\/de\/news\/expo-agrofuturo-2023\/#primaryimage"},"image":{"@id":"https:\/\/www.checchiemagli.com\/de\/news\/expo-agrofuturo-2023\/#primaryimage"},"thumbnailUrl":"https:\/\/www.checchiemagli.com\/wp-content\/uploads\/2025\/03\/EXPO-AGROFUTURO-2023-1.jpg","datePublished":"2023-09-01T07:31:32+00:00","dateModified":"2025-06-16T16:03:40+00:00","description":"Estamos listos para encontrarnos en una nueva edici\u00f3n de Expo Agrofuturo 2023 Vis\u00edtanos del 6 al 8 de septiembre Plaza Mayor, Medell\u00edn - Colombia M\u00e1s","breadcrumb":{"@id":"https:\/\/www.checchiemagli.com\/de\/news\/expo-agrofuturo-2023\/#breadcrumb"},"inLanguage":"de","potentialAction":[{"@type":"ReadAction","target":["https:\/\/www.checchiemagli.com\/de\/news\/expo-agrofuturo-2023\/"]}]},{"@type":"ImageObject","inLanguage":"de","@id":"https:\/\/www.checchiemagli.com\/de\/news\/expo-agrofuturo-2023\/#primaryimage","url":"https:\/\/www.checchiemagli.com\/wp-content\/uploads\/2025\/03\/EXPO-AGROFUTURO-2023-1.jpg","contentUrl":"https:\/\/www.checchiemagli.com\/wp-content\/uploads\/2025\/03\/EXPO-AGROFUTURO-2023-1.jpg","width":1080,"height":1080},{"@type":"BreadcrumbList","@id":"https:\/\/www.checchiemagli.com\/de\/news\/expo-agrofuturo-2023\/#breadcrumb","itemListElement":[{"@type":"ListItem","position":1,"name":"Home","item":"https:\/\/www.checchiemagli.com\/de\/"},{"@type":"ListItem","position":2,"name":"EXPO AGROFUTURO 2023"}]},{"@type":"WebSite","@id":"https:\/\/www.checchiemagli.com\/de\/#website","url":"https:\/\/www.checchiemagli.com\/de\/","name":"Checchi&Magli","description":"Produzione e Distribuzione di Macchine Agricole","publisher":{"@id":"https:\/\/www.checchiemagli.com\/de\/#organization"},"potentialAction":[{"@type":"SearchAction","target":{"@type":"EntryPoint","urlTemplate":"https:\/\/www.checchiemagli.com\/de\/?s={search_term_string}"},"query-input":{"@type":"PropertyValueSpecification","valueRequired":true,"valueName":"search_term_string"}}],"inLanguage":"de"},{"@type":"Organization","@id":"https:\/\/www.checchiemagli.com\/de\/#organization","name":"Checchi&Magli","url":"https:\/\/www.checchiemagli.com\/de\/","logo":{"@type":"ImageObject","inLanguage":"de","@id":"https:\/\/www.checchiemagli.com\/de\/#\/schema\/logo\/image\/","url":"https:\/\/www.checchiemagli.com\/wp-content\/uploads\/2025\/03\/logo.png","contentUrl":"https:\/\/www.checchiemagli.com\/wp-content\/uploads\/2025\/03\/logo.png","width":633,"height":149,"caption":"Checchi&Magli"},"image":{"@id":"https:\/\/www.checchiemagli.com\/de\/#\/schema\/logo\/image\/"},"sameAs":["https:\/\/www.facebook.com\/checchiemagli\/","https:\/\/x.com\/checchiemagli","https:\/\/www.youtube.com\/user\/checchiemagli","https:\/\/www.instagram.com\/checchiemagli\/","https:\/\/www.linkedin.com\/company\/checchiemagli\/"]},{"@type":"Person","@id":"https:\/\/www.checchiemagli.com\/de\/#\/schema\/person\/97af9de213cbd27e3814130b2a783374","name":"Checchi &amp; Magli","url":"https:\/\/www.checchiemagli.com\/de\/author\/checchiemagli\/"}]}},"_links":{"self":[{"href":"https:\/\/www.checchiemagli.com\/de\/wp-json\/wp\/v2\/posts\/2171","targetHints":{"allow":["GET"]}}],"collection":[{"href":"https:\/\/www.checchiemagli.com\/de\/wp-json\/wp\/v2\/posts"}],"about":[{"href":"https:\/\/www.checchiemagli.com\/de\/wp-json\/wp\/v2\/types\/post"}],"author":[{"embeddable":true,"href":"https:\/\/www.checchiemagli.com\/de\/wp-json\/wp\/v2\/users\/3"}],"replies":[{"embeddable":true,"href":"https:\/\/www.checchiemagli.com\/de\/wp-json\/wp\/v2\/comments?post=2171"}],"version-history":[{"count":0,"href":"https:\/\/www.checchiemagli.com\/de\/wp-json\/wp\/v2\/posts\/2171\/revisions"}],"wp:featuredmedia":[{"embeddable":true,"href":"https:\/\/www.checchiemagli.com\/de\/wp-json\/wp\/v2\/media\/1748"}],"wp:attachment":[{"href":"https:\/\/www.checchiemagli.com\/de\/wp-json\/wp\/v2\/media?parent=2171"}],"wp:term":[{"taxonomy":"category","embeddable":true,"href":"https:\/\/www.checchiemagli.com\/de\/wp-json\/wp\/v2\/categories?post=2171"},{"taxonomy":"post_tag","embeddable":true,"href":"https:\/\/www.checchiemagli.com\/de\/wp-json\/wp\/v2\/tags?post=2171"}],"curies":[{"name":"wp","href":"https:\/\/api.w.org\/{rel}","templated":true}]}}